{"id":126200,"date":"2024-02-21T11:12:27","date_gmt":"2024-02-21T14:12:27","guid":{"rendered":"https:\/\/eldiariodesanpedro.com.ar\/sitio\/?p=126200"},"modified":"2026-01-24T00:53:30","modified_gmt":"2026-01-24T03:53:30","slug":"fallecio-hugo-argentino-sambunaque-de-72-anos","status":"publish","type":"post","link":"https:\/\/eldiariodesanpedro.com.ar\/sitio\/fallecio-hugo-argentino-sambunaque-de-72-anos\/","title":{"rendered":"Falleci\u00f3 Hugo Argentino Sambu\u00f1aque de 72 a\u00f1os"},"content":{"rendered":"<!-- VideographyWP Plugin Message: Automatic video embedding prevented by plugin options. -->\n\n<p>Se informa el fallecimiento de Hugo Argentino Sambu\u00f1aque de 72 a\u00f1os de edad, su velatorio se realiz\u00f3 este martes 20 en la sala N\u00ba 1 de Coopser Santa Lucia y sus restos fueron inhumados el mismo dia a las 17 hs en el cementerio de Santa Lucia.<\/p>\n","protected":false},"excerpt":{"rendered":"<p>Se informa el fallecimiento de Hugo Argentino Sambu\u00f1aque de 72 a\u00f1os de edad, su velatorio se realiz\u00f3 este martes 20 en la sala N\u00ba 1 de Coopser Santa Lucia y sus restos fueron inhumados el mismo dia a las 17 hs en el cementerio de Santa Lucia.<\/p>\n","protected":false},"author":4,"featured_media":113757,"comment_status":"closed","ping_status":"closed","sticky":false,"template":"","format":"standard","meta":{"om_disable_all_campaigns":false,"_jetpack_memberships_contains_paid_content":false,"footnotes":""},"categories":[8424],"tags":[],"class_list":["post-126200","post","type-post","status-publish","format-standard","has-post-thumbnail","hentry","category-necrologicas"],"aioseo_notices":[],"gutentor_comment":0,"jetpack_featured_media_url":"https:\/\/eldiariodesanpedro.com.ar\/sitio\/wp-content\/uploads\/2023\/01\/necrologicas.jpg","jetpack_shortlink":"https:\/\/wp.me\/p6RhLt-wPu","jetpack_sharing_enabled":true,"_links":{"self":[{"href":"https:\/\/eldiariodesanpedro.com.ar\/sitio\/wp-json\/wp\/v2\/posts\/126200","targetHints":{"allow":["GET"]}}],"collection":[{"href":"https:\/\/eldiariodesanpedro.com.ar\/sitio\/wp-json\/wp\/v2\/posts"}],"about":[{"href":"https:\/\/eldiariodesanpedro.com.ar\/sitio\/wp-json\/wp\/v2\/types\/post"}],"author":[{"embeddable":true,"href":"https:\/\/eldiariodesanpedro.com.ar\/sitio\/wp-json\/wp\/v2\/users\/4"}],"replies":[{"embeddable":true,"href":"https:\/\/eldiariodesanpedro.com.ar\/sitio\/wp-json\/wp\/v2\/comments?post=126200"}],"version-history":[{"count":1,"href":"https:\/\/eldiariodesanpedro.com.ar\/sitio\/wp-json\/wp\/v2\/posts\/126200\/revisions"}],"predecessor-version":[{"id":126201,"href":"https:\/\/eldiariodesanpedro.com.ar\/sitio\/wp-json\/wp\/v2\/posts\/126200\/revisions\/126201"}],"wp:featuredmedia":[{"embeddable":true,"href":"https:\/\/eldiariodesanpedro.com.ar\/sitio\/wp-json\/wp\/v2\/media\/113757"}],"wp:attachment":[{"href":"https:\/\/eldiariodesanpedro.com.ar\/sitio\/wp-json\/wp\/v2\/media?parent=126200"}],"wp:term":[{"taxonomy":"category","embeddable":true,"href":"https:\/\/eldiariodesanpedro.com.ar\/sitio\/wp-json\/wp\/v2\/categories?post=126200"},{"taxonomy":"post_tag","embeddable":true,"href":"https:\/\/eldiariodesanpedro.com.ar\/sitio\/wp-json\/wp\/v2\/tags?post=126200"}],"curies":[{"name":"wp","href":"https:\/\/api.w.org\/{rel}","templated":true}]}}