{"id":12619,"date":"2017-01-11T10:10:49","date_gmt":"2017-01-11T13:10:49","guid":{"rendered":"https:\/\/eldiariodesanpedro.com.ar\/sitio\/?p=12619"},"modified":"2017-01-11T10:10:49","modified_gmt":"2017-01-11T13:10:49","slug":"detiene-a-un-sujeto-que-habia-robado-dinero-a-una-senora","status":"publish","type":"post","link":"https:\/\/eldiariodesanpedro.com.ar\/sitio\/detiene-a-un-sujeto-que-habia-robado-dinero-a-una-senora\/","title":{"rendered":"Detiene a un sujeto que hab\u00eda robado dinero a una se\u00f1ora"},"content":{"rendered":"<p><!-- VideographyWP Plugin Message: Automatic video embedding prevented by plugin options. --><br \/>\nLa polic\u00eda local en conjunto con la polic\u00eda distrital procedieron a la aprehencion de un joven que en calle Pellegrini y Las Heras quien momentos antes hab\u00eda cometido un il\u00edcito en calle Combate de obligado al 1800 tras robarle al a una mujer una suma de $3000 en efectivo, este sujeto en primera instancia hab\u00eda pedido monedas para luego arrinconarla contra una pared de la vivienda. <\/p>\n<p>la victima aporto datos en cuanto a las caracter\u00edsticas f\u00edsicas y de las prendas de este malviviente y tras un amplio operativo se logro dar con el imputado. <\/p>\n","protected":false},"excerpt":{"rendered":"<p>La polic\u00eda local en conjunto con la polic\u00eda distrital procedieron a la aprehencion de un joven que en calle Pellegrini y Las Heras quien momentos antes hab\u00eda cometido un il\u00edcito en calle Combate de obligado al 1800 tras robarle al a una mujer una suma de $3000 en efectivo, este sujeto en primera instancia hab\u00eda [&hellip;]<\/p>\n","protected":false},"author":4,"featured_media":4713,"comment_status":"open","ping_status":"closed","sticky":false,"template":"","format":"standard","meta":{"om_disable_all_campaigns":false,"_jetpack_memberships_contains_paid_content":false,"footnotes":""},"categories":[2,103],"tags":[],"class_list":["post-12619","post","type-post","status-publish","format-standard","has-post-thumbnail","hentry","category-locales","category-policiales-locales"],"aioseo_notices":[],"gutentor_comment":0,"jetpack_featured_media_url":"https:\/\/eldiariodesanpedro.com.ar\/sitio\/wp-content\/uploads\/2016\/05\/detenido.jpg","jetpack_shortlink":"https:\/\/wp.me\/p6RhLt-3hx","jetpack_sharing_enabled":true,"_links":{"self":[{"href":"https:\/\/eldiariodesanpedro.com.ar\/sitio\/wp-json\/wp\/v2\/posts\/12619","targetHints":{"allow":["GET"]}}],"collection":[{"href":"https:\/\/eldiariodesanpedro.com.ar\/sitio\/wp-json\/wp\/v2\/posts"}],"about":[{"href":"https:\/\/eldiariodesanpedro.com.ar\/sitio\/wp-json\/wp\/v2\/types\/post"}],"author":[{"embeddable":true,"href":"https:\/\/eldiariodesanpedro.com.ar\/sitio\/wp-json\/wp\/v2\/users\/4"}],"replies":[{"embeddable":true,"href":"https:\/\/eldiariodesanpedro.com.ar\/sitio\/wp-json\/wp\/v2\/comments?post=12619"}],"version-history":[{"count":1,"href":"https:\/\/eldiariodesanpedro.com.ar\/sitio\/wp-json\/wp\/v2\/posts\/12619\/revisions"}],"predecessor-version":[{"id":12620,"href":"https:\/\/eldiariodesanpedro.com.ar\/sitio\/wp-json\/wp\/v2\/posts\/12619\/revisions\/12620"}],"wp:featuredmedia":[{"embeddable":true,"href":"https:\/\/eldiariodesanpedro.com.ar\/sitio\/wp-json\/wp\/v2\/media\/4713"}],"wp:attachment":[{"href":"https:\/\/eldiariodesanpedro.com.ar\/sitio\/wp-json\/wp\/v2\/media?parent=12619"}],"wp:term":[{"taxonomy":"category","embeddable":true,"href":"https:\/\/eldiariodesanpedro.com.ar\/sitio\/wp-json\/wp\/v2\/categories?post=12619"},{"taxonomy":"post_tag","embeddable":true,"href":"https:\/\/eldiariodesanpedro.com.ar\/sitio\/wp-json\/wp\/v2\/tags?post=12619"}],"curies":[{"name":"wp","href":"https:\/\/api.w.org\/{rel}","templated":true}]}}