{"id":12617,"date":"2017-01-11T09:41:36","date_gmt":"2017-01-11T12:41:36","guid":{"rendered":"https:\/\/eldiariodesanpedro.com.ar\/sitio\/?p=12617"},"modified":"2017-01-11T09:41:36","modified_gmt":"2017-01-11T12:41:36","slug":"secuestran-una-moto-sobre-la-ruta-1001","status":"publish","type":"post","link":"https:\/\/eldiariodesanpedro.com.ar\/sitio\/secuestran-una-moto-sobre-la-ruta-1001\/","title":{"rendered":"Secuestran una moto sobre la ruta 1001"},"content":{"rendered":"<p><!-- VideographyWP Plugin Message: Automatic video embedding prevented by plugin options. --><br \/>\nEl d\u00eda de ayer personal policial de Rio Tala procedi\u00f3 a la intercepci\u00f3n de un joven en la Ruta 1001 km 7,5 quien conduc\u00eda una motocicleta marca Zanella 50 cc, la que al momento de verificar su numero de cuadro y motor se pudo constatar que presentaba pedido de secuestro activo desde el d\u00eda 24 de junio de 2008, a solicitado por la UFI N\u00ba 5.<\/p>\n","protected":false},"excerpt":{"rendered":"<p>El d\u00eda de ayer personal policial de Rio Tala procedi\u00f3 a la intercepci\u00f3n de un joven en la Ruta 1001 km 7,5 quien conduc\u00eda una motocicleta marca Zanella 50 cc, la que al momento de verificar su numero de cuadro y motor se pudo constatar que presentaba pedido de secuestro activo desde el d\u00eda 24 [&hellip;]<\/p>\n","protected":false},"author":4,"featured_media":3029,"comment_status":"open","ping_status":"closed","sticky":false,"template":"","format":"standard","meta":{"om_disable_all_campaigns":false,"_jetpack_memberships_contains_paid_content":false,"footnotes":""},"categories":[2,103],"tags":[],"class_list":["post-12617","post","type-post","status-publish","format-standard","has-post-thumbnail","hentry","category-locales","category-policiales-locales"],"aioseo_notices":[],"gutentor_comment":0,"jetpack_featured_media_url":"https:\/\/eldiariodesanpedro.com.ar\/sitio\/wp-content\/uploads\/2016\/04\/moto-patrullero.jpg","jetpack_shortlink":"https:\/\/wp.me\/p6RhLt-3hv","jetpack_sharing_enabled":true,"_links":{"self":[{"href":"https:\/\/eldiariodesanpedro.com.ar\/sitio\/wp-json\/wp\/v2\/posts\/12617","targetHints":{"allow":["GET"]}}],"collection":[{"href":"https:\/\/eldiariodesanpedro.com.ar\/sitio\/wp-json\/wp\/v2\/posts"}],"about":[{"href":"https:\/\/eldiariodesanpedro.com.ar\/sitio\/wp-json\/wp\/v2\/types\/post"}],"author":[{"embeddable":true,"href":"https:\/\/eldiariodesanpedro.com.ar\/sitio\/wp-json\/wp\/v2\/users\/4"}],"replies":[{"embeddable":true,"href":"https:\/\/eldiariodesanpedro.com.ar\/sitio\/wp-json\/wp\/v2\/comments?post=12617"}],"version-history":[{"count":1,"href":"https:\/\/eldiariodesanpedro.com.ar\/sitio\/wp-json\/wp\/v2\/posts\/12617\/revisions"}],"predecessor-version":[{"id":12618,"href":"https:\/\/eldiariodesanpedro.com.ar\/sitio\/wp-json\/wp\/v2\/posts\/12617\/revisions\/12618"}],"wp:featuredmedia":[{"embeddable":true,"href":"https:\/\/eldiariodesanpedro.com.ar\/sitio\/wp-json\/wp\/v2\/media\/3029"}],"wp:attachment":[{"href":"https:\/\/eldiariodesanpedro.com.ar\/sitio\/wp-json\/wp\/v2\/media?parent=12617"}],"wp:term":[{"taxonomy":"category","embeddable":true,"href":"https:\/\/eldiariodesanpedro.com.ar\/sitio\/wp-json\/wp\/v2\/categories?post=12617"},{"taxonomy":"post_tag","embeddable":true,"href":"https:\/\/eldiariodesanpedro.com.ar\/sitio\/wp-json\/wp\/v2\/tags?post=12617"}],"curies":[{"name":"wp","href":"https:\/\/api.w.org\/{rel}","templated":true}]}}