{"id":126107,"date":"2024-02-16T16:24:18","date_gmt":"2024-02-16T19:24:18","guid":{"rendered":"https:\/\/eldiariodesanpedro.com.ar\/sitio\/?p=126107"},"modified":"2024-02-16T16:24:21","modified_gmt":"2024-02-16T19:24:21","slug":"inicio-del-taller-de-lengua-de-senas-en-el-centro-integrador-comunitario-c-i-c","status":"publish","type":"post","link":"https:\/\/eldiariodesanpedro.com.ar\/sitio\/inicio-del-taller-de-lengua-de-senas-en-el-centro-integrador-comunitario-c-i-c\/","title":{"rendered":"Inicio del Taller de Lengua de Se\u00f1as en el Centro Integrador Comunitario (C.I.C.)"},"content":{"rendered":"<!-- VideographyWP Plugin Message: Automatic video embedding prevented by plugin options. -->\n\n<p>La Municipalidad de San Pedro informa el inicio del taller de Lengua de Se\u00f1as que se dictar\u00e1 a partir del 11 de marzo en el Centro Integrador Comunitario (C.I.C.) ubicado en Hermano Indio y Casella.<\/p>\n\n\n\n<p>Las inscripciones se abrir\u00e1n a partir del lunes 19 de febrero. Las clases ser\u00e1n dictadas los d\u00edas lunes y mi\u00e9rcoles de 9 a 10.30 hs. por la profesora Silvina Seery.<\/p>\n","protected":false},"excerpt":{"rendered":"<p>La Municipalidad de San Pedro informa el inicio del taller de Lengua de Se\u00f1as que se dictar\u00e1 a partir del 11 de marzo en el Centro Integrador Comunitario (C.I.C.) ubicado en Hermano Indio y Casella. Las inscripciones se abrir\u00e1n a partir del lunes 19 de febrero. Las clases ser\u00e1n dictadas los d\u00edas lunes y mi\u00e9rcoles [&hellip;]<\/p>\n","protected":false},"author":4,"featured_media":126108,"comment_status":"closed","ping_status":"closed","sticky":false,"template":"","format":"standard","meta":{"om_disable_all_campaigns":false,"_jetpack_memberships_contains_paid_content":false,"footnotes":""},"categories":[101,2],"tags":[197,33],"class_list":["post-126107","post","type-post","status-publish","format-standard","has-post-thumbnail","hentry","category-interes-general-locales","category-locales","tag-buenos-aires","tag-locales"],"aioseo_notices":[],"gutentor_comment":0,"jetpack_featured_media_url":"https:\/\/eldiariodesanpedro.com.ar\/sitio\/wp-content\/uploads\/2024\/02\/1c9039c32f4cb9c1ce04634984205a3f_732_1296.jpg","jetpack_shortlink":"https:\/\/wp.me\/p6RhLt-wNZ","jetpack_sharing_enabled":true,"_links":{"self":[{"href":"https:\/\/eldiariodesanpedro.com.ar\/sitio\/wp-json\/wp\/v2\/posts\/126107","targetHints":{"allow":["GET"]}}],"collection":[{"href":"https:\/\/eldiariodesanpedro.com.ar\/sitio\/wp-json\/wp\/v2\/posts"}],"about":[{"href":"https:\/\/eldiariodesanpedro.com.ar\/sitio\/wp-json\/wp\/v2\/types\/post"}],"author":[{"embeddable":true,"href":"https:\/\/eldiariodesanpedro.com.ar\/sitio\/wp-json\/wp\/v2\/users\/4"}],"replies":[{"embeddable":true,"href":"https:\/\/eldiariodesanpedro.com.ar\/sitio\/wp-json\/wp\/v2\/comments?post=126107"}],"version-history":[{"count":1,"href":"https:\/\/eldiariodesanpedro.com.ar\/sitio\/wp-json\/wp\/v2\/posts\/126107\/revisions"}],"predecessor-version":[{"id":126109,"href":"https:\/\/eldiariodesanpedro.com.ar\/sitio\/wp-json\/wp\/v2\/posts\/126107\/revisions\/126109"}],"wp:featuredmedia":[{"embeddable":true,"href":"https:\/\/eldiariodesanpedro.com.ar\/sitio\/wp-json\/wp\/v2\/media\/126108"}],"wp:attachment":[{"href":"https:\/\/eldiariodesanpedro.com.ar\/sitio\/wp-json\/wp\/v2\/media?parent=126107"}],"wp:term":[{"taxonomy":"category","embeddable":true,"href":"https:\/\/eldiariodesanpedro.com.ar\/sitio\/wp-json\/wp\/v2\/categories?post=126107"},{"taxonomy":"post_tag","embeddable":true,"href":"https:\/\/eldiariodesanpedro.com.ar\/sitio\/wp-json\/wp\/v2\/tags?post=126107"}],"curies":[{"name":"wp","href":"https:\/\/api.w.org\/{rel}","templated":true}]}}