{"id":126100,"date":"2024-02-16T15:51:11","date_gmt":"2024-02-16T18:51:11","guid":{"rendered":"https:\/\/eldiariodesanpedro.com.ar\/sitio\/?p=126100"},"modified":"2024-02-16T15:51:13","modified_gmt":"2024-02-16T18:51:13","slug":"finalizacion-de-la-colonia-de-adultos-mayores","status":"publish","type":"post","link":"https:\/\/eldiariodesanpedro.com.ar\/sitio\/finalizacion-de-la-colonia-de-adultos-mayores\/","title":{"rendered":"Finalizaci\u00f3n de la Colonia de Adultos Mayores"},"content":{"rendered":"<!-- VideographyWP Plugin Message: Automatic video embedding prevented by plugin options. -->\n\n<p>Este jueves, en el Complejo Municipal (Ex-Tiro Federal) se llev\u00f3 a cabo el cierre de actividades de la Colonia de Adultos Mayores. En esta ocasi\u00f3n, al igual que en el a\u00f1o anterior, participaron adultos mayores de las localidades de R\u00edo Tala y Gobernador Castro, mientras que los residentes de Santa Luc\u00eda este a\u00f1o tuvieron el cierre de la colonia en la propia localidad.<\/p>\n\n\n\n<p>La actividad fue coordinada por la Direcci\u00f3n de Adultos Mayores a cargo de la Lic. Silvia Tri\u00f1anes y acompa\u00f1ada por los colaboradores que hacen posible estos encuentros inolvidables para todos los participantes.<\/p>\n\n\n\n<p>Esta propuesta llevada a cabo durante los meses de verano, ha logrado sumar una experiencia enriquecedora para todos los participantes, logrando ofrecer recreaci\u00f3n y esparcimiento, adem\u00e1s de promover la socializaci\u00f3n y el sentido de comunidad entre nuestros adultos mayores.<\/p>\n\n\n\n<figure class=\"wp-block-image size-large\"><img decoding=\"async\" width=\"1024\" height=\"576\" data-attachment-id=\"126101\" data-permalink=\"https:\/\/eldiariodesanpedro.com.ar\/sitio\/finalizacion-de-la-colonia-de-adultos-mayores\/imagen-de-whatsapp-2024-02-16-a-las-09-19-34_0b12b7e2\/\" data-orig-file=\"https:\/\/eldiariodesanpedro.com.ar\/sitio\/wp-content\/uploads\/2024\/02\/Imagen-de-WhatsApp-2024-02-16-a-las-09.19.34_0b12b7e2.jpg\" data-orig-size=\"1120,630\" data-comments-opened=\"0\" data-image-meta=\"{&quot;aperture&quot;:&quot;0&quot;,&quot;credit&quot;:&quot;&quot;,&quot;camera&quot;:&quot;&quot;,&quot;caption&quot;:&quot;&quot;,&quot;created_timestamp&quot;:&quot;0&quot;,&quot;copyright&quot;:&quot;&quot;,&quot;focal_length&quot;:&quot;0&quot;,&quot;iso&quot;:&quot;0&quot;,&quot;shutter_speed&quot;:&quot;0&quot;,&quot;title&quot;:&quot;&quot;,&quot;orientation&quot;:&quot;0&quot;}\" data-image-title=\"Imagen de WhatsApp 2024-02-16 a las 09.19.34_0b12b7e2\" data-image-description=\"\" data-image-caption=\"\" data-large-file=\"https:\/\/eldiariodesanpedro.com.ar\/sitio\/wp-content\/uploads\/2024\/02\/Imagen-de-WhatsApp-2024-02-16-a-las-09.19.34_0b12b7e2-1024x576.jpg\" data-src=\"https:\/\/eldiariodesanpedro.com.ar\/sitio\/wp-content\/uploads\/2024\/02\/Imagen-de-WhatsApp-2024-02-16-a-las-09.19.34_0b12b7e2-1024x576.jpg\" alt=\"\" class=\"wp-image-126101 lazyload\" data-srcset=\"https:\/\/eldiariodesanpedro.com.ar\/sitio\/wp-content\/uploads\/2024\/02\/Imagen-de-WhatsApp-2024-02-16-a-las-09.19.34_0b12b7e2-1024x576.jpg 1024w, https:\/\/eldiariodesanpedro.com.ar\/sitio\/wp-content\/uploads\/2024\/02\/Imagen-de-WhatsApp-2024-02-16-a-las-09.19.34_0b12b7e2-300x169.jpg 300w, https:\/\/eldiariodesanpedro.com.ar\/sitio\/wp-content\/uploads\/2024\/02\/Imagen-de-WhatsApp-2024-02-16-a-las-09.19.34_0b12b7e2-768x432.jpg 768w, https:\/\/eldiariodesanpedro.com.ar\/sitio\/wp-content\/uploads\/2024\/02\/Imagen-de-WhatsApp-2024-02-16-a-las-09.19.34_0b12b7e2.jpg 1120w\" data-sizes=\"(max-width: 1024px) 100vw, 1024px\" src=\"data:image\/svg+xml;base64,PHN2ZyB3aWR0aD0iMSIgaGVpZ2h0PSIxIiB4bWxucz0iaHR0cDovL3d3dy53My5vcmcvMjAwMC9zdmciPjwvc3ZnPg==\" style=\"--smush-placeholder-width: 1024px; --smush-placeholder-aspect-ratio: 1024\/576;\" \/><\/figure>\n\n\n\n<figure class=\"wp-block-image size-large\"><img decoding=\"async\" width=\"1024\" height=\"576\" data-attachment-id=\"126103\" data-permalink=\"https:\/\/eldiariodesanpedro.com.ar\/sitio\/finalizacion-de-la-colonia-de-adultos-mayores\/imagen-de-whatsapp-2024-02-16-a-las-09-19-35_9139dda4\/\" data-orig-file=\"https:\/\/eldiariodesanpedro.com.ar\/sitio\/wp-content\/uploads\/2024\/02\/Imagen-de-WhatsApp-2024-02-16-a-las-09.19.35_9139dda4.jpg\" data-orig-size=\"1120,630\" data-comments-opened=\"0\" data-image-meta=\"{&quot;aperture&quot;:&quot;0&quot;,&quot;credit&quot;:&quot;&quot;,&quot;camera&quot;:&quot;&quot;,&quot;caption&quot;:&quot;&quot;,&quot;created_timestamp&quot;:&quot;0&quot;,&quot;copyright&quot;:&quot;&quot;,&quot;focal_length&quot;:&quot;0&quot;,&quot;iso&quot;:&quot;0&quot;,&quot;shutter_speed&quot;:&quot;0&quot;,&quot;title&quot;:&quot;&quot;,&quot;orientation&quot;:&quot;0&quot;}\" data-image-title=\"Imagen de WhatsApp 2024-02-16 a las 09.19.35_9139dda4\" data-image-description=\"\" data-image-caption=\"\" data-large-file=\"https:\/\/eldiariodesanpedro.com.ar\/sitio\/wp-content\/uploads\/2024\/02\/Imagen-de-WhatsApp-2024-02-16-a-las-09.19.35_9139dda4-1024x576.jpg\" data-src=\"https:\/\/eldiariodesanpedro.com.ar\/sitio\/wp-content\/uploads\/2024\/02\/Imagen-de-WhatsApp-2024-02-16-a-las-09.19.35_9139dda4-1024x576.jpg\" alt=\"\" class=\"wp-image-126103 lazyload\" data-srcset=\"https:\/\/eldiariodesanpedro.com.ar\/sitio\/wp-content\/uploads\/2024\/02\/Imagen-de-WhatsApp-2024-02-16-a-las-09.19.35_9139dda4-1024x576.jpg 1024w, https:\/\/eldiariodesanpedro.com.ar\/sitio\/wp-content\/uploads\/2024\/02\/Imagen-de-WhatsApp-2024-02-16-a-las-09.19.35_9139dda4-300x169.jpg 300w, https:\/\/eldiariodesanpedro.com.ar\/sitio\/wp-content\/uploads\/2024\/02\/Imagen-de-WhatsApp-2024-02-16-a-las-09.19.35_9139dda4-768x432.jpg 768w, https:\/\/eldiariodesanpedro.com.ar\/sitio\/wp-content\/uploads\/2024\/02\/Imagen-de-WhatsApp-2024-02-16-a-las-09.19.35_9139dda4.jpg 1120w\" data-sizes=\"(max-width: 1024px) 100vw, 1024px\" src=\"data:image\/svg+xml;base64,PHN2ZyB3aWR0aD0iMSIgaGVpZ2h0PSIxIiB4bWxucz0iaHR0cDovL3d3dy53My5vcmcvMjAwMC9zdmciPjwvc3ZnPg==\" style=\"--smush-placeholder-width: 1024px; --smush-placeholder-aspect-ratio: 1024\/576;\" \/><\/figure>\n\n\n\n<figure class=\"wp-block-image size-large\"><img decoding=\"async\" width=\"1024\" height=\"576\" data-attachment-id=\"126102\" data-permalink=\"https:\/\/eldiariodesanpedro.com.ar\/sitio\/finalizacion-de-la-colonia-de-adultos-mayores\/imagen-de-whatsapp-2024-02-16-a-las-09-19-34_16da87aa\/\" data-orig-file=\"https:\/\/eldiariodesanpedro.com.ar\/sitio\/wp-content\/uploads\/2024\/02\/Imagen-de-WhatsApp-2024-02-16-a-las-09.19.34_16da87aa.jpg\" data-orig-size=\"1120,630\" data-comments-opened=\"0\" data-image-meta=\"{&quot;aperture&quot;:&quot;0&quot;,&quot;credit&quot;:&quot;&quot;,&quot;camera&quot;:&quot;&quot;,&quot;caption&quot;:&quot;&quot;,&quot;created_timestamp&quot;:&quot;0&quot;,&quot;copyright&quot;:&quot;&quot;,&quot;focal_length&quot;:&quot;0&quot;,&quot;iso&quot;:&quot;0&quot;,&quot;shutter_speed&quot;:&quot;0&quot;,&quot;title&quot;:&quot;&quot;,&quot;orientation&quot;:&quot;0&quot;}\" data-image-title=\"Imagen de WhatsApp 2024-02-16 a las 09.19.34_16da87aa\" data-image-description=\"\" data-image-caption=\"\" data-large-file=\"https:\/\/eldiariodesanpedro.com.ar\/sitio\/wp-content\/uploads\/2024\/02\/Imagen-de-WhatsApp-2024-02-16-a-las-09.19.34_16da87aa-1024x576.jpg\" data-src=\"https:\/\/eldiariodesanpedro.com.ar\/sitio\/wp-content\/uploads\/2024\/02\/Imagen-de-WhatsApp-2024-02-16-a-las-09.19.34_16da87aa-1024x576.jpg\" alt=\"\" class=\"wp-image-126102 lazyload\" data-srcset=\"https:\/\/eldiariodesanpedro.com.ar\/sitio\/wp-content\/uploads\/2024\/02\/Imagen-de-WhatsApp-2024-02-16-a-las-09.19.34_16da87aa-1024x576.jpg 1024w, https:\/\/eldiariodesanpedro.com.ar\/sitio\/wp-content\/uploads\/2024\/02\/Imagen-de-WhatsApp-2024-02-16-a-las-09.19.34_16da87aa-300x169.jpg 300w, https:\/\/eldiariodesanpedro.com.ar\/sitio\/wp-content\/uploads\/2024\/02\/Imagen-de-WhatsApp-2024-02-16-a-las-09.19.34_16da87aa-768x432.jpg 768w, https:\/\/eldiariodesanpedro.com.ar\/sitio\/wp-content\/uploads\/2024\/02\/Imagen-de-WhatsApp-2024-02-16-a-las-09.19.34_16da87aa.jpg 1120w\" data-sizes=\"(max-width: 1024px) 100vw, 1024px\" src=\"data:image\/svg+xml;base64,PHN2ZyB3aWR0aD0iMSIgaGVpZ2h0PSIxIiB4bWxucz0iaHR0cDovL3d3dy53My5vcmcvMjAwMC9zdmciPjwvc3ZnPg==\" style=\"--smush-placeholder-width: 1024px; --smush-placeholder-aspect-ratio: 1024\/576;\" \/><\/figure>\n","protected":false},"excerpt":{"rendered":"<p>Este jueves, en el Complejo Municipal (Ex-Tiro Federal) se llev\u00f3 a cabo el cierre de actividades de la Colonia de Adultos Mayores. En esta ocasi\u00f3n, al igual que en el a\u00f1o anterior, participaron adultos mayores de las localidades de R\u00edo Tala y Gobernador Castro, mientras que los residentes de Santa Luc\u00eda este a\u00f1o tuvieron el [&hellip;]<\/p>\n","protected":false},"author":4,"featured_media":126104,"comment_status":"closed","ping_status":"closed","sticky":false,"template":"","format":"standard","meta":{"om_disable_all_campaigns":false,"_jetpack_memberships_contains_paid_content":false,"footnotes":""},"categories":[50,101,2],"tags":[],"class_list":["post-126100","post","type-post","status-publish","format-standard","has-post-thumbnail","hentry","category-destacadas","category-interes-general-locales","category-locales"],"aioseo_notices":[],"gutentor_comment":0,"jetpack_featured_media_url":"https:\/\/eldiariodesanpedro.com.ar\/sitio\/wp-content\/uploads\/2024\/02\/Imagen-de-WhatsApp-2024-02-16-a-las-09.19.35_ceeb1ebf.jpg","jetpack_shortlink":"https:\/\/wp.me\/p6RhLt-wNS","jetpack_sharing_enabled":true,"_links":{"self":[{"href":"https:\/\/eldiariodesanpedro.com.ar\/sitio\/wp-json\/wp\/v2\/posts\/126100","targetHints":{"allow":["GET"]}}],"collection":[{"href":"https:\/\/eldiariodesanpedro.com.ar\/sitio\/wp-json\/wp\/v2\/posts"}],"about":[{"href":"https:\/\/eldiariodesanpedro.com.ar\/sitio\/wp-json\/wp\/v2\/types\/post"}],"author":[{"embeddable":true,"href":"https:\/\/eldiariodesanpedro.com.ar\/sitio\/wp-json\/wp\/v2\/users\/4"}],"replies":[{"embeddable":true,"href":"https:\/\/eldiariodesanpedro.com.ar\/sitio\/wp-json\/wp\/v2\/comments?post=126100"}],"version-history":[{"count":1,"href":"https:\/\/eldiariodesanpedro.com.ar\/sitio\/wp-json\/wp\/v2\/posts\/126100\/revisions"}],"predecessor-version":[{"id":126106,"href":"https:\/\/eldiariodesanpedro.com.ar\/sitio\/wp-json\/wp\/v2\/posts\/126100\/revisions\/126106"}],"wp:featuredmedia":[{"embeddable":true,"href":"https:\/\/eldiariodesanpedro.com.ar\/sitio\/wp-json\/wp\/v2\/media\/126104"}],"wp:attachment":[{"href":"https:\/\/eldiariodesanpedro.com.ar\/sitio\/wp-json\/wp\/v2\/media?parent=126100"}],"wp:term":[{"taxonomy":"category","embeddable":true,"href":"https:\/\/eldiariodesanpedro.com.ar\/sitio\/wp-json\/wp\/v2\/categories?post=126100"},{"taxonomy":"post_tag","embeddable":true,"href":"https:\/\/eldiariodesanpedro.com.ar\/sitio\/wp-json\/wp\/v2\/tags?post=126100"}],"curies":[{"name":"wp","href":"https:\/\/api.w.org\/{rel}","templated":true}]}}