{"id":126098,"date":"2024-02-16T15:19:03","date_gmt":"2024-02-16T18:19:03","guid":{"rendered":"https:\/\/eldiariodesanpedro.com.ar\/sitio\/?p=126098"},"modified":"2024-02-16T15:19:05","modified_gmt":"2024-02-16T18:19:05","slug":"la-municipalidad-informa-la-prorroga-de-tasas-municipales","status":"publish","type":"post","link":"https:\/\/eldiariodesanpedro.com.ar\/sitio\/la-municipalidad-informa-la-prorroga-de-tasas-municipales\/","title":{"rendered":"La municipalidad informa la pr\u00f3rroga de tasas municipales"},"content":{"rendered":"<!-- VideographyWP Plugin Message: Automatic video embedding prevented by plugin options. -->\n\n<p>La Direcci\u00f3n de Rentas de la Municipalidad de San Pedro informa que se extender\u00e1 el vencimiento de las tasas municipales que a continuaci\u00f3n ser\u00e1n detalladas para el d\u00eda viernes 23 de febrero de 2024.<\/p>\n\n\n\n<ul class=\"wp-block-list\">\n<li>Alumbrado Barrido y Limpieza (cuota 01 y pago anual).<\/li>\n\n\n\n<li>Servicios Sanitarios Medido (cuota 02\/24).<\/li>\n\n\n\n<li>Patente de Automotor Modelos 2003-2012 (cuota 01 y pago anual).<\/li>\n<\/ul>\n\n\n\n<p>Se mantiene como siempre para resolver cualquier tipo de consulta relacionada con estos temas el correo electr\u00f3nico atencionalcontribuyente@sanpedro.gob.ar y el WhatsApp (solo para mensajes) 3329 &#8211; 641517.<\/p>\n","protected":false},"excerpt":{"rendered":"<p>La Direcci\u00f3n de Rentas de la Municipalidad de San Pedro informa que se extender\u00e1 el vencimiento de las tasas municipales que a continuaci\u00f3n ser\u00e1n detalladas para el d\u00eda viernes 23 de febrero de 2024. Se mantiene como siempre para resolver cualquier tipo de consulta relacionada con estos temas el correo electr\u00f3nico atencionalcontribuyente@sanpedro.gob.ar y el WhatsApp [&hellip;]<\/p>\n","protected":false},"author":4,"featured_media":3907,"comment_status":"closed","ping_status":"closed","sticky":false,"template":"","format":"standard","meta":{"om_disable_all_campaigns":false,"_jetpack_memberships_contains_paid_content":false,"footnotes":""},"categories":[101,2],"tags":[],"class_list":["post-126098","post","type-post","status-publish","format-standard","has-post-thumbnail","hentry","category-interes-general-locales","category-locales"],"aioseo_notices":[],"gutentor_comment":0,"jetpack_featured_media_url":"https:\/\/eldiariodesanpedro.com.ar\/sitio\/wp-content\/uploads\/2016\/05\/rentas.jpg","jetpack_shortlink":"https:\/\/wp.me\/p6RhLt-wNQ","jetpack_sharing_enabled":true,"_links":{"self":[{"href":"https:\/\/eldiariodesanpedro.com.ar\/sitio\/wp-json\/wp\/v2\/posts\/126098","targetHints":{"allow":["GET"]}}],"collection":[{"href":"https:\/\/eldiariodesanpedro.com.ar\/sitio\/wp-json\/wp\/v2\/posts"}],"about":[{"href":"https:\/\/eldiariodesanpedro.com.ar\/sitio\/wp-json\/wp\/v2\/types\/post"}],"author":[{"embeddable":true,"href":"https:\/\/eldiariodesanpedro.com.ar\/sitio\/wp-json\/wp\/v2\/users\/4"}],"replies":[{"embeddable":true,"href":"https:\/\/eldiariodesanpedro.com.ar\/sitio\/wp-json\/wp\/v2\/comments?post=126098"}],"version-history":[{"count":1,"href":"https:\/\/eldiariodesanpedro.com.ar\/sitio\/wp-json\/wp\/v2\/posts\/126098\/revisions"}],"predecessor-version":[{"id":126099,"href":"https:\/\/eldiariodesanpedro.com.ar\/sitio\/wp-json\/wp\/v2\/posts\/126098\/revisions\/126099"}],"wp:featuredmedia":[{"embeddable":true,"href":"https:\/\/eldiariodesanpedro.com.ar\/sitio\/wp-json\/wp\/v2\/media\/3907"}],"wp:attachment":[{"href":"https:\/\/eldiariodesanpedro.com.ar\/sitio\/wp-json\/wp\/v2\/media?parent=126098"}],"wp:term":[{"taxonomy":"category","embeddable":true,"href":"https:\/\/eldiariodesanpedro.com.ar\/sitio\/wp-json\/wp\/v2\/categories?post=126098"},{"taxonomy":"post_tag","embeddable":true,"href":"https:\/\/eldiariodesanpedro.com.ar\/sitio\/wp-json\/wp\/v2\/tags?post=126098"}],"curies":[{"name":"wp","href":"https:\/\/api.w.org\/{rel}","templated":true}]}}