{"id":126095,"date":"2024-02-15T19:08:14","date_gmt":"2024-02-15T22:08:14","guid":{"rendered":"https:\/\/eldiariodesanpedro.com.ar\/sitio\/?p=126095"},"modified":"2024-02-15T19:08:17","modified_gmt":"2024-02-15T22:08:17","slug":"tres-personas-detenidas-acusadas-del-asesinato-de-felipe-frias","status":"publish","type":"post","link":"https:\/\/eldiariodesanpedro.com.ar\/sitio\/tres-personas-detenidas-acusadas-del-asesinato-de-felipe-frias\/","title":{"rendered":"Tres personas detenidas acusadas del asesinato de Felipe Fr\u00edas"},"content":{"rendered":"<!-- VideographyWP Plugin Message: Automatic video embedding prevented by plugin options. -->\n\n<p>Tres personas fueron detenidas durante allanamientos realizados esta madrugada en el marco de la investigaci\u00f3n por el asesinato de Felipe Fr\u00edas.&nbsp;<\/p>\n\n\n\n<p>Personal del Grupo T\u00e1ctico Operativo de la Comisar\u00eda local y la Estaci\u00f3n de Polic\u00eda Comunal San Pedro junto a personal de la DDI San Pedro &#8211; Baradero recogieron testimonios de vecinos y relevaron im\u00e1genes de c\u00e1maras de seguridad.&nbsp;<\/p>\n\n\n\n<p>En base a esos datos, llegaron hasta una vivienda ubicada en proximidades de la casa de Fr\u00edas, en donde reside un hombre sindicado como el presunto autor del hecho.&nbsp;<\/p>\n\n\n\n<p>El Juzgado de Garant\u00edas 1 de San Nicol\u00e1s secuestr\u00f3 diversos elementos de inter\u00e9s para la causa, 6 plantas de marihuana de dos metros de altura y un trozo compacto de la misma droga.&nbsp;<\/p>\n\n\n\n<p>Fueron aprehendidos un hombre de 42 a\u00f1os, una mujer de la misma edad y un joven de 24 a\u00f1os. Todos ellos quedaron a disposici\u00f3n de la Justicia.&nbsp;<\/p>\n","protected":false},"excerpt":{"rendered":"<p>Tres personas fueron detenidas durante allanamientos realizados esta madrugada en el marco de la investigaci\u00f3n por el asesinato de Felipe Fr\u00edas.&nbsp; Personal del Grupo T\u00e1ctico Operativo de la Comisar\u00eda local y la Estaci\u00f3n de Polic\u00eda Comunal San Pedro junto a personal de la DDI San Pedro &#8211; Baradero recogieron testimonios de vecinos y relevaron im\u00e1genes [&hellip;]<\/p>\n","protected":false},"author":4,"featured_media":126096,"comment_status":"closed","ping_status":"closed","sticky":false,"template":"","format":"standard","meta":{"om_disable_all_campaigns":false,"_jetpack_memberships_contains_paid_content":false,"footnotes":""},"categories":[50,2,103],"tags":[],"class_list":["post-126095","post","type-post","status-publish","format-standard","has-post-thumbnail","hentry","category-destacadas","category-locales","category-policiales-locales"],"aioseo_notices":[],"gutentor_comment":0,"jetpack_featured_media_url":"https:\/\/eldiariodesanpedro.com.ar\/sitio\/wp-content\/uploads\/2024\/02\/Detenidos-causa-1.jpg","jetpack_shortlink":"https:\/\/wp.me\/p6RhLt-wNN","jetpack_sharing_enabled":true,"_links":{"self":[{"href":"https:\/\/eldiariodesanpedro.com.ar\/sitio\/wp-json\/wp\/v2\/posts\/126095","targetHints":{"allow":["GET"]}}],"collection":[{"href":"https:\/\/eldiariodesanpedro.com.ar\/sitio\/wp-json\/wp\/v2\/posts"}],"about":[{"href":"https:\/\/eldiariodesanpedro.com.ar\/sitio\/wp-json\/wp\/v2\/types\/post"}],"author":[{"embeddable":true,"href":"https:\/\/eldiariodesanpedro.com.ar\/sitio\/wp-json\/wp\/v2\/users\/4"}],"replies":[{"embeddable":true,"href":"https:\/\/eldiariodesanpedro.com.ar\/sitio\/wp-json\/wp\/v2\/comments?post=126095"}],"version-history":[{"count":1,"href":"https:\/\/eldiariodesanpedro.com.ar\/sitio\/wp-json\/wp\/v2\/posts\/126095\/revisions"}],"predecessor-version":[{"id":126097,"href":"https:\/\/eldiariodesanpedro.com.ar\/sitio\/wp-json\/wp\/v2\/posts\/126095\/revisions\/126097"}],"wp:featuredmedia":[{"embeddable":true,"href":"https:\/\/eldiariodesanpedro.com.ar\/sitio\/wp-json\/wp\/v2\/media\/126096"}],"wp:attachment":[{"href":"https:\/\/eldiariodesanpedro.com.ar\/sitio\/wp-json\/wp\/v2\/media?parent=126095"}],"wp:term":[{"taxonomy":"category","embeddable":true,"href":"https:\/\/eldiariodesanpedro.com.ar\/sitio\/wp-json\/wp\/v2\/categories?post=126095"},{"taxonomy":"post_tag","embeddable":true,"href":"https:\/\/eldiariodesanpedro.com.ar\/sitio\/wp-json\/wp\/v2\/tags?post=126095"}],"curies":[{"name":"wp","href":"https:\/\/api.w.org\/{rel}","templated":true}]}}