{"id":126089,"date":"2024-02-15T18:52:54","date_gmt":"2024-02-15T21:52:54","guid":{"rendered":"https:\/\/eldiariodesanpedro.com.ar\/sitio\/?p=126089"},"modified":"2024-02-15T18:52:56","modified_gmt":"2024-02-15T21:52:56","slug":"plga-de-cotorras-ariel-alvarez-se-reunio-con-la-sociedad-rural-para-tratar-el-problema-ademas-de-seguridad-y-red-vial","status":"publish","type":"post","link":"https:\/\/eldiariodesanpedro.com.ar\/sitio\/plga-de-cotorras-ariel-alvarez-se-reunio-con-la-sociedad-rural-para-tratar-el-problema-ademas-de-seguridad-y-red-vial\/","title":{"rendered":"Plga de cotorras: Ariel Alvarez se reuni\u00f3 con la Sociedad Rural para tratar el problema, adem\u00e1s de seguridad y red vial"},"content":{"rendered":"<!-- VideographyWP Plugin Message: Automatic video embedding prevented by plugin options. -->\n\n<p>La Sociedad Rural de San Pedro recibi\u00f3 en la \u00faltima semana al Secretario de Desarrollo Econ\u00f3mico Ariel Alvarez,\u00a0 para tratar una serie de temas importantes para los productores de la regi\u00f3n.<\/p>\n\n\n\n<p>Durante la reuni\u00f3n, se discuti\u00f3 \u00abla preocupante situaci\u00f3n causada por la plaga de cotorras, que est\u00e1 afectando gravemente a diferentes sectores agr\u00edcolas, como la fruticultura, los viveros, la horticultura y la agricultura en general\u00bb explicaron desde la instituci\u00f3n.<\/p>\n\n\n\n<p>Adem\u00e1s, los ruralistas destacaron \u00abla necesidad urgente de tomar medidas efectivas y se pidi\u00f3 mayor colaboraci\u00f3n por parte del municipio, haciendo hincapi\u00e9 en las demoras en la respuesta de la comisi\u00f3n de plagas\u00bb.<\/p>\n\n\n\n<p>Tambi\u00e9n se abordaron aspectos vinculados a la seguridad en la zona rural, con hincapi\u00e9 en la importancia de mantener el buen estado del parque de m\u00f3viles de la Patrulla Rural, destac\u00e1ndose el respaldo municipal en la provisi\u00f3n del combustible.&nbsp;<\/p>\n\n\n\n<p>Otro tema fue la falta de mantenimiento de los caminos rurales y su v\u00ednculo con la Tasa de Red Vial, \u00abque hist\u00f3ricamente ha sido una de las tasas con mayor cobrabilidad y que podr\u00eda verse afectada por la emergencia del a\u00f1o 2023, a la cual el municipio no dio respuesta adecuada\u00bb.<\/p>\n\n\n\n<p>Finalmente, los dirigentes agrarios expresaron la preocupaci\u00f3n por la sequ\u00eda (parcialente moderada por las lluvias de los \u00faltimos d\u00edas) y acordaron mantener una comunicaci\u00f3n flu\u00edda para monitorear la situaci\u00f3n clim\u00e1tica.&nbsp;&nbsp;<\/p>\n","protected":false},"excerpt":{"rendered":"<p>La Sociedad Rural de San Pedro recibi\u00f3 en la \u00faltima semana al Secretario de Desarrollo Econ\u00f3mico Ariel Alvarez,\u00a0 para tratar una serie de temas importantes para los productores de la regi\u00f3n. Durante la reuni\u00f3n, se discuti\u00f3 \u00abla preocupante situaci\u00f3n causada por la plaga de cotorras, que est\u00e1 afectando gravemente a diferentes sectores agr\u00edcolas, como la [&hellip;]<\/p>\n","protected":false},"author":4,"featured_media":126090,"comment_status":"closed","ping_status":"closed","sticky":false,"template":"","format":"standard","meta":{"om_disable_all_campaigns":false,"_jetpack_memberships_contains_paid_content":false,"footnotes":""},"categories":[101,2],"tags":[],"class_list":["post-126089","post","type-post","status-publish","format-standard","has-post-thumbnail","hentry","category-interes-general-locales","category-locales"],"aioseo_notices":[],"gutentor_comment":0,"jetpack_featured_media_url":"https:\/\/eldiariodesanpedro.com.ar\/sitio\/wp-content\/uploads\/2024\/02\/cotorra-argentina-comportamiento.jpg","jetpack_shortlink":"https:\/\/wp.me\/p6RhLt-wNH","jetpack_sharing_enabled":true,"_links":{"self":[{"href":"https:\/\/eldiariodesanpedro.com.ar\/sitio\/wp-json\/wp\/v2\/posts\/126089","targetHints":{"allow":["GET"]}}],"collection":[{"href":"https:\/\/eldiariodesanpedro.com.ar\/sitio\/wp-json\/wp\/v2\/posts"}],"about":[{"href":"https:\/\/eldiariodesanpedro.com.ar\/sitio\/wp-json\/wp\/v2\/types\/post"}],"author":[{"embeddable":true,"href":"https:\/\/eldiariodesanpedro.com.ar\/sitio\/wp-json\/wp\/v2\/users\/4"}],"replies":[{"embeddable":true,"href":"https:\/\/eldiariodesanpedro.com.ar\/sitio\/wp-json\/wp\/v2\/comments?post=126089"}],"version-history":[{"count":1,"href":"https:\/\/eldiariodesanpedro.com.ar\/sitio\/wp-json\/wp\/v2\/posts\/126089\/revisions"}],"predecessor-version":[{"id":126091,"href":"https:\/\/eldiariodesanpedro.com.ar\/sitio\/wp-json\/wp\/v2\/posts\/126089\/revisions\/126091"}],"wp:featuredmedia":[{"embeddable":true,"href":"https:\/\/eldiariodesanpedro.com.ar\/sitio\/wp-json\/wp\/v2\/media\/126090"}],"wp:attachment":[{"href":"https:\/\/eldiariodesanpedro.com.ar\/sitio\/wp-json\/wp\/v2\/media?parent=126089"}],"wp:term":[{"taxonomy":"category","embeddable":true,"href":"https:\/\/eldiariodesanpedro.com.ar\/sitio\/wp-json\/wp\/v2\/categories?post=126089"},{"taxonomy":"post_tag","embeddable":true,"href":"https:\/\/eldiariodesanpedro.com.ar\/sitio\/wp-json\/wp\/v2\/tags?post=126089"}],"curies":[{"name":"wp","href":"https:\/\/api.w.org\/{rel}","templated":true}]}}