{"id":126087,"date":"2024-02-15T18:41:36","date_gmt":"2024-02-15T21:41:36","guid":{"rendered":"https:\/\/eldiariodesanpedro.com.ar\/sitio\/?p=126087"},"modified":"2024-02-15T18:41:41","modified_gmt":"2024-02-15T21:41:41","slug":"manana-el-hcd-realizara-una-sesion-para-aprobar-el-aumento-del-boleto-de-colectivo-a-1000-pesos-promedio","status":"publish","type":"post","link":"https:\/\/eldiariodesanpedro.com.ar\/sitio\/manana-el-hcd-realizara-una-sesion-para-aprobar-el-aumento-del-boleto-de-colectivo-a-1000-pesos-promedio\/","title":{"rendered":"Ma\u00f1ana el HCD realizara una sesion para aprobar el aumento del boleto de colectivo a 1000 pesos promedio"},"content":{"rendered":"<!-- VideographyWP Plugin Message: Automatic video embedding prevented by plugin options. -->\n\n<p>El Concejo Deliberante tendr\u00e1 una nueva sesi\u00f3n extraordinaria este viernes a las 11 horas, en este caso para dar ingreso el proyecto de ordenanza ingresado por el Departamento Ejecutivo Municipal que determina un nuevo cuadro tarifario para la empresa Vercelli Hermanos.&nbsp;<\/p>\n\n\n\n<p>En los considerandos, las autoridades sostienen que \u00abdel resultado de la f\u00f3rmula polin\u00f3mica, del an\u00e1lisis realizado por el Departamento Ejecutivo Municipal, observando la situaci\u00f3n social, la fuerte devaluaci\u00f3n ocasionada por el gobierno, la situaci\u00f3n de la empresa, la necesidad imperiosa de mantener el servicio de transporte de pasajeros se entiende que el aumento debe ser del 84%\u00bb.&nbsp;<\/p>\n\n\n\n<p>Con la segura aprobaci\u00f3n del proyecto (clave para destrabar el conflicto entre Vercelli y la Uni\u00f3n Tranviarios Automotor), el costo del boleto de San Pedro a Gobernador Castro y Santa Luc\u00eda pasar\u00e1 a ser de 1.117,21, a R\u00edo Tala de 936,74 y a Vuelta de Obligado de 1.030,03. El pasaje urbano tendr\u00e1 un valor de 326,75, el escolar de 143,15 y el escolar secundario de 279,20.&nbsp;<\/p>\n\n\n\n<p>Adem\u00e1s, durante el per\u00edodo comprendido entre los meses de abril y septiembre, habr\u00e1 un sistema de actualizaci\u00f3n mensual autom\u00e1tica, calculado por el \u00edndice de precios al consumidor (IPC) comunicados para estos meses por el Estado nacional a trav\u00e9s del INDEC\u00bb.&nbsp;<\/p>\n\n\n\n<p>Como fundamento, el Ejecutivo sostiene que \u00abse hace necesario establecer una metodolog\u00eda de actualizaci\u00f3n de las tarifas autom\u00e1tico, por un periodo de tiempo, a los fines de hacer viable el sistema de transporte p\u00fablico de pasajeros, para evitar interrupciones en el servicio\u00bb.&nbsp;<\/p>\n","protected":false},"excerpt":{"rendered":"<p>El Concejo Deliberante tendr\u00e1 una nueva sesi\u00f3n extraordinaria este viernes a las 11 horas, en este caso para dar ingreso el proyecto de ordenanza ingresado por el Departamento Ejecutivo Municipal que determina un nuevo cuadro tarifario para la empresa Vercelli Hermanos.&nbsp; En los considerandos, las autoridades sostienen que \u00abdel resultado de la f\u00f3rmula polin\u00f3mica, del [&hellip;]<\/p>\n","protected":false},"author":4,"featured_media":3996,"comment_status":"closed","ping_status":"closed","sticky":false,"template":"","format":"standard","meta":{"om_disable_all_campaigns":false,"_jetpack_memberships_contains_paid_content":false,"footnotes":""},"categories":[50,101,2],"tags":[],"class_list":["post-126087","post","type-post","status-publish","format-standard","has-post-thumbnail","hentry","category-destacadas","category-interes-general-locales","category-locales"],"aioseo_notices":[],"gutentor_comment":0,"jetpack_featured_media_url":"https:\/\/eldiariodesanpedro.com.ar\/sitio\/wp-content\/uploads\/2016\/05\/verselli-1.jpg","jetpack_shortlink":"https:\/\/wp.me\/p6RhLt-wNF","jetpack_sharing_enabled":true,"_links":{"self":[{"href":"https:\/\/eldiariodesanpedro.com.ar\/sitio\/wp-json\/wp\/v2\/posts\/126087","targetHints":{"allow":["GET"]}}],"collection":[{"href":"https:\/\/eldiariodesanpedro.com.ar\/sitio\/wp-json\/wp\/v2\/posts"}],"about":[{"href":"https:\/\/eldiariodesanpedro.com.ar\/sitio\/wp-json\/wp\/v2\/types\/post"}],"author":[{"embeddable":true,"href":"https:\/\/eldiariodesanpedro.com.ar\/sitio\/wp-json\/wp\/v2\/users\/4"}],"replies":[{"embeddable":true,"href":"https:\/\/eldiariodesanpedro.com.ar\/sitio\/wp-json\/wp\/v2\/comments?post=126087"}],"version-history":[{"count":1,"href":"https:\/\/eldiariodesanpedro.com.ar\/sitio\/wp-json\/wp\/v2\/posts\/126087\/revisions"}],"predecessor-version":[{"id":126088,"href":"https:\/\/eldiariodesanpedro.com.ar\/sitio\/wp-json\/wp\/v2\/posts\/126087\/revisions\/126088"}],"wp:featuredmedia":[{"embeddable":true,"href":"https:\/\/eldiariodesanpedro.com.ar\/sitio\/wp-json\/wp\/v2\/media\/3996"}],"wp:attachment":[{"href":"https:\/\/eldiariodesanpedro.com.ar\/sitio\/wp-json\/wp\/v2\/media?parent=126087"}],"wp:term":[{"taxonomy":"category","embeddable":true,"href":"https:\/\/eldiariodesanpedro.com.ar\/sitio\/wp-json\/wp\/v2\/categories?post=126087"},{"taxonomy":"post_tag","embeddable":true,"href":"https:\/\/eldiariodesanpedro.com.ar\/sitio\/wp-json\/wp\/v2\/tags?post=126087"}],"curies":[{"name":"wp","href":"https:\/\/api.w.org\/{rel}","templated":true}]}}