{"id":126082,"date":"2024-02-15T15:40:44","date_gmt":"2024-02-15T18:40:44","guid":{"rendered":"https:\/\/eldiariodesanpedro.com.ar\/sitio\/?p=126082"},"modified":"2024-02-15T15:40:46","modified_gmt":"2024-02-15T18:40:46","slug":"vuelve-este-viernes-la-feria-mercados-bonaerenses","status":"publish","type":"post","link":"https:\/\/eldiariodesanpedro.com.ar\/sitio\/vuelve-este-viernes-la-feria-mercados-bonaerenses\/","title":{"rendered":"Vuelve este viernes la feria \u00abMercados Bonaerenses\u00bb"},"content":{"rendered":"<!-- VideographyWP Plugin Message: Automatic video embedding prevented by plugin options. -->\n\n<p>Este viernes 16 de febrero se realiza la primera feria del a\u00f1o del programa que lleva adelante el Ministerio de Desarrollo Agrario de la Provincia de Buenos Aires y es coordinado por la Secretar\u00eda de Producci\u00f3n, Industria y Comercio de la Municipalidad de San Pedro.<\/p>\n\n\n\n<p>En plaza Constituci\u00f3n (Hip\u00f3lito Yrigoyen entre Pellegrini y Mitre) se desarrollar\u00e1 desde las 9 hasta las 13.30 hs. con puestos de mermeladas caseras, panificaci\u00f3n dulce y salada, cereales y frutos secos, conservas de vegetales, quesos, embutidos, y mucho m\u00e1s.<\/p>\n\n\n\n<p>Adem\u00e1s, estar\u00e1n presentes los camiones de pastas y l\u00e1cteos, y el cami\u00f3n de pescados de la provincia con descuento del 40% con Cuenta DNI.<\/p>\n\n\n\n<p>Aquellos productores o productoras que deseen participar de las pr\u00f3ximas ferias pueden inscribirse a trav\u00e9s del siguiente link: https:\/\/bit.ly\/3Lyx0O6&nbsp;<\/p>\n\n\n\n<p>Por dudas o consultas pueden contactar con la Secretar\u00eda a trav\u00e9s del WhatsApp 3329648530 de lunes a viernes de 8 a 14.<\/p>\n","protected":false},"excerpt":{"rendered":"<p>Este viernes 16 de febrero se realiza la primera feria del a\u00f1o del programa que lleva adelante el Ministerio de Desarrollo Agrario de la Provincia de Buenos Aires y es coordinado por la Secretar\u00eda de Producci\u00f3n, Industria y Comercio de la Municipalidad de San Pedro. En plaza Constituci\u00f3n (Hip\u00f3lito Yrigoyen entre Pellegrini y Mitre) se [&hellip;]<\/p>\n","protected":false},"author":4,"featured_media":111955,"comment_status":"closed","ping_status":"closed","sticky":false,"template":"","format":"standard","meta":{"om_disable_all_campaigns":false,"_jetpack_memberships_contains_paid_content":false,"footnotes":""},"categories":[101,2],"tags":[197,696,33,19],"class_list":["post-126082","post","type-post","status-publish","format-standard","has-post-thumbnail","hentry","category-interes-general-locales","category-locales","tag-buenos-aires","tag-interes-general","tag-locales","tag-san-pedro"],"aioseo_notices":[],"gutentor_comment":0,"jetpack_featured_media_url":"https:\/\/eldiariodesanpedro.com.ar\/sitio\/wp-content\/uploads\/2022\/11\/mercados-bonaerenses-SP.jpg","jetpack_shortlink":"https:\/\/wp.me\/p6RhLt-wNA","jetpack_sharing_enabled":true,"_links":{"self":[{"href":"https:\/\/eldiariodesanpedro.com.ar\/sitio\/wp-json\/wp\/v2\/posts\/126082","targetHints":{"allow":["GET"]}}],"collection":[{"href":"https:\/\/eldiariodesanpedro.com.ar\/sitio\/wp-json\/wp\/v2\/posts"}],"about":[{"href":"https:\/\/eldiariodesanpedro.com.ar\/sitio\/wp-json\/wp\/v2\/types\/post"}],"author":[{"embeddable":true,"href":"https:\/\/eldiariodesanpedro.com.ar\/sitio\/wp-json\/wp\/v2\/users\/4"}],"replies":[{"embeddable":true,"href":"https:\/\/eldiariodesanpedro.com.ar\/sitio\/wp-json\/wp\/v2\/comments?post=126082"}],"version-history":[{"count":1,"href":"https:\/\/eldiariodesanpedro.com.ar\/sitio\/wp-json\/wp\/v2\/posts\/126082\/revisions"}],"predecessor-version":[{"id":126083,"href":"https:\/\/eldiariodesanpedro.com.ar\/sitio\/wp-json\/wp\/v2\/posts\/126082\/revisions\/126083"}],"wp:featuredmedia":[{"embeddable":true,"href":"https:\/\/eldiariodesanpedro.com.ar\/sitio\/wp-json\/wp\/v2\/media\/111955"}],"wp:attachment":[{"href":"https:\/\/eldiariodesanpedro.com.ar\/sitio\/wp-json\/wp\/v2\/media?parent=126082"}],"wp:term":[{"taxonomy":"category","embeddable":true,"href":"https:\/\/eldiariodesanpedro.com.ar\/sitio\/wp-json\/wp\/v2\/categories?post=126082"},{"taxonomy":"post_tag","embeddable":true,"href":"https:\/\/eldiariodesanpedro.com.ar\/sitio\/wp-json\/wp\/v2\/tags?post=126082"}],"curies":[{"name":"wp","href":"https:\/\/api.w.org\/{rel}","templated":true}]}}