{"id":126080,"date":"2024-02-15T15:23:07","date_gmt":"2024-02-15T18:23:07","guid":{"rendered":"https:\/\/eldiariodesanpedro.com.ar\/sitio\/?p=126080"},"modified":"2024-02-15T15:23:10","modified_gmt":"2024-02-15T18:23:10","slug":"el-whatsapp-del-consorcio-del-puerto-de-san-pedro-fue-hackeado","status":"publish","type":"post","link":"https:\/\/eldiariodesanpedro.com.ar\/sitio\/el-whatsapp-del-consorcio-del-puerto-de-san-pedro-fue-hackeado\/","title":{"rendered":"El Whatsapp del Consorcio del Puerto de San Pedro fue hackeado"},"content":{"rendered":"<!-- VideographyWP Plugin Message: Automatic video embedding prevented by plugin options. -->\n\n<p>El Consorcio de Gesti\u00f3n del Puerto de San Pedro informa a trav\u00e9s de un comunicado \u00abque su l\u00ednea de Whatsapp para comunicaci\u00f3n interna y administrativa ha sido hackeada y que los eventuales mensajes que puedan recibir desde ese contacto no deben ser respondidos!.<\/p>\n\n\n\n<p>\u00abSe solicita extremar la precauci\u00f3n para no brindar datos personales de ning\u00fan tipo y ante cualquier inquietud comunicarse a los tel\u00e9fonos de l\u00ednea de la administraci\u00f3n 3329 425378\/421511\/421999\/429299\u00bb, informaron a su vez.<\/p>\n","protected":false},"excerpt":{"rendered":"<p>El Consorcio de Gesti\u00f3n del Puerto de San Pedro informa a trav\u00e9s de un comunicado \u00abque su l\u00ednea de Whatsapp para comunicaci\u00f3n interna y administrativa ha sido hackeada y que los eventuales mensajes que puedan recibir desde ese contacto no deben ser respondidos!. \u00abSe solicita extremar la precauci\u00f3n para no brindar datos personales de ning\u00fan [&hellip;]<\/p>\n","protected":false},"author":4,"featured_media":117855,"comment_status":"closed","ping_status":"closed","sticky":false,"template":"","format":"standard","meta":{"om_disable_all_campaigns":false,"_jetpack_memberships_contains_paid_content":false,"footnotes":""},"categories":[2,103],"tags":[197,33,95,19],"class_list":["post-126080","post","type-post","status-publish","format-standard","has-post-thumbnail","hentry","category-locales","category-policiales-locales","tag-buenos-aires","tag-locales","tag-policiales","tag-san-pedro"],"aioseo_notices":[],"gutentor_comment":0,"jetpack_featured_media_url":"https:\/\/eldiariodesanpedro.com.ar\/sitio\/wp-content\/uploads\/2023\/05\/estafa-WhatsApp-e1660837133261.jpg","jetpack_shortlink":"https:\/\/wp.me\/p6RhLt-wNy","jetpack_sharing_enabled":true,"_links":{"self":[{"href":"https:\/\/eldiariodesanpedro.com.ar\/sitio\/wp-json\/wp\/v2\/posts\/126080","targetHints":{"allow":["GET"]}}],"collection":[{"href":"https:\/\/eldiariodesanpedro.com.ar\/sitio\/wp-json\/wp\/v2\/posts"}],"about":[{"href":"https:\/\/eldiariodesanpedro.com.ar\/sitio\/wp-json\/wp\/v2\/types\/post"}],"author":[{"embeddable":true,"href":"https:\/\/eldiariodesanpedro.com.ar\/sitio\/wp-json\/wp\/v2\/users\/4"}],"replies":[{"embeddable":true,"href":"https:\/\/eldiariodesanpedro.com.ar\/sitio\/wp-json\/wp\/v2\/comments?post=126080"}],"version-history":[{"count":1,"href":"https:\/\/eldiariodesanpedro.com.ar\/sitio\/wp-json\/wp\/v2\/posts\/126080\/revisions"}],"predecessor-version":[{"id":126081,"href":"https:\/\/eldiariodesanpedro.com.ar\/sitio\/wp-json\/wp\/v2\/posts\/126080\/revisions\/126081"}],"wp:featuredmedia":[{"embeddable":true,"href":"https:\/\/eldiariodesanpedro.com.ar\/sitio\/wp-json\/wp\/v2\/media\/117855"}],"wp:attachment":[{"href":"https:\/\/eldiariodesanpedro.com.ar\/sitio\/wp-json\/wp\/v2\/media?parent=126080"}],"wp:term":[{"taxonomy":"category","embeddable":true,"href":"https:\/\/eldiariodesanpedro.com.ar\/sitio\/wp-json\/wp\/v2\/categories?post=126080"},{"taxonomy":"post_tag","embeddable":true,"href":"https:\/\/eldiariodesanpedro.com.ar\/sitio\/wp-json\/wp\/v2\/tags?post=126080"}],"curies":[{"name":"wp","href":"https:\/\/api.w.org\/{rel}","templated":true}]}}