{"id":126051,"date":"2024-02-16T09:00:00","date_gmt":"2024-02-16T12:00:00","guid":{"rendered":"https:\/\/eldiariodesanpedro.com.ar\/sitio\/?p=126051"},"modified":"2024-02-16T14:49:44","modified_gmt":"2024-02-16T17:49:44","slug":"asamble-anual-ordinaria-de-la-asociacion-espanola-de-socorros-mutuos-de-san-pedro","status":"publish","type":"post","link":"https:\/\/eldiariodesanpedro.com.ar\/sitio\/asamble-anual-ordinaria-de-la-asociacion-espanola-de-socorros-mutuos-de-san-pedro\/","title":{"rendered":"Asamble Anual Ordinaria de la Asociaci\u00f3n Espa\u00f1ola de Socorros Mutuos de San Pedro"},"content":{"rendered":"<!-- VideographyWP Plugin Message: Automatic video embedding prevented by plugin options. -->\n\n<p class=\"has-text-align-center\">ASOCIACI\u00d3N ESPA\u00d1OLA DE SOCORROS MUTUOS<\/p>\n\n\n\n<p class=\"has-text-align-center\"><strong>CONVOCATORIA A ASAMBLEA ANUAL ORDINARIA<\/strong><\/p>\n\n\n\n<p class=\"has-text-align-right\">San Pedro, 16 de febrero de 2024.<\/p>\n\n\n\n<p>En cumplimiento de lo establecido en el Art.29 de los Estatutos Sociales aprobados por INAES, por resoluci\u00f3n 038 del 21\/1\/75, citase a los se\u00f1ores socios activos de la Asociaci\u00f3n Espa\u00f1ola de Socorros Mutuos de San Pedro (B), a la ASAMBLEA ANUAL ORDINARIA de su 140\u00b0 Ejercicio, a realizarse el d\u00eda 22 de marzo de 2024, en su sede social de calle Bme. Mitre 876, de esta ciudad a las 20:00 hs. a fin de considerar el siguiente:<\/p>\n\n\n\n<p class=\"has-text-align-center\"><strong>ORDEN DEL DIA<\/strong><\/p>\n\n\n\n<ol class=\"wp-block-list\">\n<li>Lectura y aprobaci\u00f3n del Acta de la Asamblea anterior.<\/li>\n\n\n\n<li>Designaci\u00f3n de dos socios para firmar el acta, juntamente con el Sr. Presidente y el Sr. Secretario. &#8211;<\/li>\n\n\n\n<li>Consideraci\u00f3n de la Memoria, Balance General, Estado de Resultados y Situaci\u00f3n Patrimonial, Informe de la Junta Fiscalizadora del ejercicio N\u00ba 140\u00b0 al 31 de diciembre de 2023.<\/li>\n<\/ol>\n\n\n\n<p>MARCELA ORTIZ &#8211; SECRETARIO<br>ROBERTO MASANES &#8211; TESORERO<br>RODOLFO CALVERAS PRESIDENTE<\/p>\n","protected":false},"excerpt":{"rendered":"<p>ASOCIACI\u00d3N ESPA\u00d1OLA DE SOCORROS MUTUOS CONVOCATORIA A ASAMBLEA ANUAL ORDINARIA San Pedro, 16 de febrero de 2024. En cumplimiento de lo establecido en el Art.29 de los Estatutos Sociales aprobados por INAES, por resoluci\u00f3n 038 del 21\/1\/75, citase a los se\u00f1ores socios activos de la Asociaci\u00f3n Espa\u00f1ola de Socorros Mutuos de San Pedro (B), a [&hellip;]<\/p>\n","protected":false},"author":4,"featured_media":115879,"comment_status":"closed","ping_status":"closed","sticky":false,"template":"","format":"standard","meta":{"om_disable_all_campaigns":false,"_jetpack_memberships_contains_paid_content":false,"footnotes":""},"categories":[678,676],"tags":[4730],"class_list":["post-126051","post","type-post","status-publish","format-standard","has-post-thumbnail","hentry","category-convocatorias","category-edictos","tag-asamble-anual-ordinaria-de-la-asociacion-espanola-de-socorros-mutuos-de-san-pedro"],"aioseo_notices":[],"gutentor_comment":0,"jetpack_featured_media_url":"https:\/\/eldiariodesanpedro.com.ar\/sitio\/wp-content\/uploads\/2023\/03\/Sociedad-Espanola-Convocatoria-2023-Marzo.jpg","jetpack_shortlink":"https:\/\/wp.me\/p6RhLt-wN5","jetpack_sharing_enabled":true,"_links":{"self":[{"href":"https:\/\/eldiariodesanpedro.com.ar\/sitio\/wp-json\/wp\/v2\/posts\/126051","targetHints":{"allow":["GET"]}}],"collection":[{"href":"https:\/\/eldiariodesanpedro.com.ar\/sitio\/wp-json\/wp\/v2\/posts"}],"about":[{"href":"https:\/\/eldiariodesanpedro.com.ar\/sitio\/wp-json\/wp\/v2\/types\/post"}],"author":[{"embeddable":true,"href":"https:\/\/eldiariodesanpedro.com.ar\/sitio\/wp-json\/wp\/v2\/users\/4"}],"replies":[{"embeddable":true,"href":"https:\/\/eldiariodesanpedro.com.ar\/sitio\/wp-json\/wp\/v2\/comments?post=126051"}],"version-history":[{"count":1,"href":"https:\/\/eldiariodesanpedro.com.ar\/sitio\/wp-json\/wp\/v2\/posts\/126051\/revisions"}],"predecessor-version":[{"id":126052,"href":"https:\/\/eldiariodesanpedro.com.ar\/sitio\/wp-json\/wp\/v2\/posts\/126051\/revisions\/126052"}],"wp:featuredmedia":[{"embeddable":true,"href":"https:\/\/eldiariodesanpedro.com.ar\/sitio\/wp-json\/wp\/v2\/media\/115879"}],"wp:attachment":[{"href":"https:\/\/eldiariodesanpedro.com.ar\/sitio\/wp-json\/wp\/v2\/media?parent=126051"}],"wp:term":[{"taxonomy":"category","embeddable":true,"href":"https:\/\/eldiariodesanpedro.com.ar\/sitio\/wp-json\/wp\/v2\/categories?post=126051"},{"taxonomy":"post_tag","embeddable":true,"href":"https:\/\/eldiariodesanpedro.com.ar\/sitio\/wp-json\/wp\/v2\/tags?post=126051"}],"curies":[{"name":"wp","href":"https:\/\/api.w.org\/{rel}","templated":true}]}}