{"id":12604,"date":"2017-01-10T20:47:50","date_gmt":"2017-01-10T23:47:50","guid":{"rendered":"https:\/\/eldiariodesanpedro.com.ar\/sitio\/?p=12604"},"modified":"2026-01-24T00:31:15","modified_gmt":"2026-01-24T03:31:15","slug":"a-los-91-anos-fallecio-pablo-noat-el-historico-dirigente-del-club-la-esperanza","status":"publish","type":"post","link":"https:\/\/eldiariodesanpedro.com.ar\/sitio\/a-los-91-anos-fallecio-pablo-noat-el-historico-dirigente-del-club-la-esperanza\/","title":{"rendered":"A los 91 a\u00f1os, falleci\u00f3 Pablo Noat, el hist\u00f3rico dirigente del club La Esperanza"},"content":{"rendered":"<p><!-- VideographyWP Plugin Message: Automatic video embedding prevented by plugin options. --><br \/>\nLa foto resume todo o casi todo: el predio del club La Esperanza con su nombre y la foto de Pablo en las sesiones de la liga representando a su club.<\/p>\n<p> Noat, adem\u00e1s reconocido comerciante de la ciudad, fue un entusiasta del club \u201cverde\u201d, donde fue jugador (arquero). Su pasi\u00f3n desde el paraje La Rosada la traslad\u00f3 a la ciudad a mediados de los setenta, instalando primero su cancha sobre lo que fue luego la Av. Sarmiento \u2013all\u00ed est\u00e1 el gimnasio\u2013 y posteriormente el predio que hoy ocupa en calle B. Urraco, donde tiene su campo de deportes desde el a\u00f1o 1996, justo cuando logr\u00f3 La Esperanza su primer t\u00edtulo de primera divisi\u00f3n de la liga bajo la direcci\u00f3n t\u00e9cnica de Hugo Fossati. El complejo deportivo lleva su nombre donde Pablo fue dirigente y entrenador. La instituci\u00f3n jug\u00f3 un torneo Regional y varios de Federaci\u00f3n bajo su mandato.<\/p>\n<p> Pablo Noat en su juventud fue arquero de La Esperanza; tambi\u00e9n director t\u00e9cnico y dirigente, siendo presidente durante muchos a\u00f1os y dejando a su hijo Alberto en ese lugar.<\/p>\n","protected":false},"excerpt":{"rendered":"<p>La foto resume todo o casi todo: el predio del club La Esperanza con su nombre y la foto de Pablo en las sesiones de la liga representando a su club. Noat, adem\u00e1s reconocido comerciante de la ciudad, fue un entusiasta del club \u201cverde\u201d, donde fue jugador (arquero). Su pasi\u00f3n desde el paraje La Rosada [&hellip;]<\/p>\n","protected":false},"author":4,"featured_media":12605,"comment_status":"open","ping_status":"closed","sticky":false,"template":"","format":"standard","meta":{"om_disable_all_campaigns":false,"_jetpack_memberships_contains_paid_content":false,"footnotes":""},"categories":[5],"tags":[],"class_list":["post-12604","post","type-post","status-publish","format-standard","has-post-thumbnail","hentry","category-deportes"],"aioseo_notices":[],"gutentor_comment":0,"jetpack_featured_media_url":"https:\/\/eldiariodesanpedro.com.ar\/sitio\/wp-content\/uploads\/2017\/01\/El-ingreso-al-complejo-deportivo-y-una-de-sus-\u00faltimas-reuniones-en-la-liga.jpg","jetpack_shortlink":"https:\/\/wp.me\/p6RhLt-3hi","jetpack_sharing_enabled":true,"_links":{"self":[{"href":"https:\/\/eldiariodesanpedro.com.ar\/sitio\/wp-json\/wp\/v2\/posts\/12604","targetHints":{"allow":["GET"]}}],"collection":[{"href":"https:\/\/eldiariodesanpedro.com.ar\/sitio\/wp-json\/wp\/v2\/posts"}],"about":[{"href":"https:\/\/eldiariodesanpedro.com.ar\/sitio\/wp-json\/wp\/v2\/types\/post"}],"author":[{"embeddable":true,"href":"https:\/\/eldiariodesanpedro.com.ar\/sitio\/wp-json\/wp\/v2\/users\/4"}],"replies":[{"embeddable":true,"href":"https:\/\/eldiariodesanpedro.com.ar\/sitio\/wp-json\/wp\/v2\/comments?post=12604"}],"version-history":[{"count":1,"href":"https:\/\/eldiariodesanpedro.com.ar\/sitio\/wp-json\/wp\/v2\/posts\/12604\/revisions"}],"predecessor-version":[{"id":12606,"href":"https:\/\/eldiariodesanpedro.com.ar\/sitio\/wp-json\/wp\/v2\/posts\/12604\/revisions\/12606"}],"wp:featuredmedia":[{"embeddable":true,"href":"https:\/\/eldiariodesanpedro.com.ar\/sitio\/wp-json\/wp\/v2\/media\/12605"}],"wp:attachment":[{"href":"https:\/\/eldiariodesanpedro.com.ar\/sitio\/wp-json\/wp\/v2\/media?parent=12604"}],"wp:term":[{"taxonomy":"category","embeddable":true,"href":"https:\/\/eldiariodesanpedro.com.ar\/sitio\/wp-json\/wp\/v2\/categories?post=12604"},{"taxonomy":"post_tag","embeddable":true,"href":"https:\/\/eldiariodesanpedro.com.ar\/sitio\/wp-json\/wp\/v2\/tags?post=12604"}],"curies":[{"name":"wp","href":"https:\/\/api.w.org\/{rel}","templated":true}]}}