{"id":12603,"date":"2017-01-10T20:55:32","date_gmt":"2017-01-10T23:55:32","guid":{"rendered":"https:\/\/eldiariodesanpedro.com.ar\/sitio\/?p=12603"},"modified":"2017-01-10T20:55:32","modified_gmt":"2017-01-10T23:55:32","slug":"dos-motos-chocaron-de-frente","status":"publish","type":"post","link":"https:\/\/eldiariodesanpedro.com.ar\/sitio\/dos-motos-chocaron-de-frente\/","title":{"rendered":"Dos motos chocaron de frente"},"content":{"rendered":"<p><!-- VideographyWP Plugin Message: Automatic video embedding prevented by plugin options. --><br \/>\nOcurri\u00f3 en la tarde noche de hoy en la intersecci\u00f3n de G\u00fcemes y La Laguna se produjo un siniestro entre dos motocicletas, una moto 110 cc conducida por una mujer y la otra una Honda Tornado 250 cc conducida por un muchacho. <\/p>\n<p>El choque se produjo por que el veh\u00edculo de menor porte circulaba por calle G\u00fcemes en contra mano, impactando de frente con el otro veh\u00edculo que iba por calle La Laguna.<\/p>\n<p>Ambas personas fueron trasladadas al la guardia del hospital Emilio Ruffa con diversos traumatismos<\/p>\n","protected":false},"excerpt":{"rendered":"<p>Ocurri\u00f3 en la tarde noche de hoy en la intersecci\u00f3n de G\u00fcemes y La Laguna se produjo un siniestro entre dos motocicletas, una moto 110 cc conducida por una mujer y la otra una Honda Tornado 250 cc conducida por un muchacho. El choque se produjo por que el veh\u00edculo de menor porte circulaba por [&hellip;]<\/p>\n","protected":false},"author":4,"featured_media":12609,"comment_status":"open","ping_status":"closed","sticky":false,"template":"","format":"standard","meta":{"om_disable_all_campaigns":false,"_jetpack_memberships_contains_paid_content":false,"footnotes":""},"categories":[50,2,103],"tags":[],"class_list":["post-12603","post","type-post","status-publish","format-standard","has-post-thumbnail","hentry","category-destacadas","category-locales","category-policiales-locales"],"aioseo_notices":[],"gutentor_comment":0,"jetpack_featured_media_url":"https:\/\/eldiariodesanpedro.com.ar\/sitio\/wp-content\/uploads\/2017\/01\/PAGINA-3-DOS-e1484092505446.jpg","jetpack_shortlink":"https:\/\/wp.me\/p6RhLt-3hh","jetpack_sharing_enabled":true,"_links":{"self":[{"href":"https:\/\/eldiariodesanpedro.com.ar\/sitio\/wp-json\/wp\/v2\/posts\/12603","targetHints":{"allow":["GET"]}}],"collection":[{"href":"https:\/\/eldiariodesanpedro.com.ar\/sitio\/wp-json\/wp\/v2\/posts"}],"about":[{"href":"https:\/\/eldiariodesanpedro.com.ar\/sitio\/wp-json\/wp\/v2\/types\/post"}],"author":[{"embeddable":true,"href":"https:\/\/eldiariodesanpedro.com.ar\/sitio\/wp-json\/wp\/v2\/users\/4"}],"replies":[{"embeddable":true,"href":"https:\/\/eldiariodesanpedro.com.ar\/sitio\/wp-json\/wp\/v2\/comments?post=12603"}],"version-history":[{"count":1,"href":"https:\/\/eldiariodesanpedro.com.ar\/sitio\/wp-json\/wp\/v2\/posts\/12603\/revisions"}],"predecessor-version":[{"id":12610,"href":"https:\/\/eldiariodesanpedro.com.ar\/sitio\/wp-json\/wp\/v2\/posts\/12603\/revisions\/12610"}],"wp:featuredmedia":[{"embeddable":true,"href":"https:\/\/eldiariodesanpedro.com.ar\/sitio\/wp-json\/wp\/v2\/media\/12609"}],"wp:attachment":[{"href":"https:\/\/eldiariodesanpedro.com.ar\/sitio\/wp-json\/wp\/v2\/media?parent=12603"}],"wp:term":[{"taxonomy":"category","embeddable":true,"href":"https:\/\/eldiariodesanpedro.com.ar\/sitio\/wp-json\/wp\/v2\/categories?post=12603"},{"taxonomy":"post_tag","embeddable":true,"href":"https:\/\/eldiariodesanpedro.com.ar\/sitio\/wp-json\/wp\/v2\/tags?post=12603"}],"curies":[{"name":"wp","href":"https:\/\/api.w.org\/{rel}","templated":true}]}}