{"id":12598,"date":"2017-01-10T20:23:10","date_gmt":"2017-01-10T23:23:10","guid":{"rendered":"https:\/\/eldiariodesanpedro.com.ar\/sitio\/?p=12598"},"modified":"2017-01-10T20:23:10","modified_gmt":"2017-01-10T23:23:10","slug":"dos-motochorros-le-arrebataron-un-celular-a-una-nena-de-14-anos","status":"publish","type":"post","link":"https:\/\/eldiariodesanpedro.com.ar\/sitio\/dos-motochorros-le-arrebataron-un-celular-a-una-nena-de-14-anos\/","title":{"rendered":"Dos motochorros le arrebataron un celular a una nena de 14 a\u00f1os"},"content":{"rendered":"<p><!-- VideographyWP Plugin Message: Automatic video embedding prevented by plugin options. --><br \/>\nY continuando con la ola de delitos de motochorros, en la tarde de hoy en la plaza Constituci\u00f3n alrededor de las 16.30, le arrebataron a una menor de 14 a\u00f1os de edad su tel\u00e9fono Iphone 6, dos sujetos que circulaban en una motocicleta. Los malvivientes se dieron a la fuga en el momento en el que la joven comenz\u00f3 a gritar y se hicieron presentes los m\u00f3viles policiales.<\/p>\n","protected":false},"excerpt":{"rendered":"<p>Y continuando con la ola de delitos de motochorros, en la tarde de hoy en la plaza Constituci\u00f3n alrededor de las 16.30, le arrebataron a una menor de 14 a\u00f1os de edad su tel\u00e9fono Iphone 6, dos sujetos que circulaban en una motocicleta. Los malvivientes se dieron a la fuga en el momento en el [&hellip;]<\/p>\n","protected":false},"author":4,"featured_media":12417,"comment_status":"open","ping_status":"closed","sticky":false,"template":"","format":"standard","meta":{"om_disable_all_campaigns":false,"_jetpack_memberships_contains_paid_content":false,"footnotes":""},"categories":[2,103],"tags":[],"class_list":["post-12598","post","type-post","status-publish","format-standard","has-post-thumbnail","hentry","category-locales","category-policiales-locales"],"aioseo_notices":[],"gutentor_comment":0,"jetpack_featured_media_url":"https:\/\/eldiariodesanpedro.com.ar\/sitio\/wp-content\/uploads\/2017\/01\/motochorro.jpg","jetpack_shortlink":"https:\/\/wp.me\/p6RhLt-3hc","jetpack_sharing_enabled":true,"_links":{"self":[{"href":"https:\/\/eldiariodesanpedro.com.ar\/sitio\/wp-json\/wp\/v2\/posts\/12598","targetHints":{"allow":["GET"]}}],"collection":[{"href":"https:\/\/eldiariodesanpedro.com.ar\/sitio\/wp-json\/wp\/v2\/posts"}],"about":[{"href":"https:\/\/eldiariodesanpedro.com.ar\/sitio\/wp-json\/wp\/v2\/types\/post"}],"author":[{"embeddable":true,"href":"https:\/\/eldiariodesanpedro.com.ar\/sitio\/wp-json\/wp\/v2\/users\/4"}],"replies":[{"embeddable":true,"href":"https:\/\/eldiariodesanpedro.com.ar\/sitio\/wp-json\/wp\/v2\/comments?post=12598"}],"version-history":[{"count":1,"href":"https:\/\/eldiariodesanpedro.com.ar\/sitio\/wp-json\/wp\/v2\/posts\/12598\/revisions"}],"predecessor-version":[{"id":12599,"href":"https:\/\/eldiariodesanpedro.com.ar\/sitio\/wp-json\/wp\/v2\/posts\/12598\/revisions\/12599"}],"wp:featuredmedia":[{"embeddable":true,"href":"https:\/\/eldiariodesanpedro.com.ar\/sitio\/wp-json\/wp\/v2\/media\/12417"}],"wp:attachment":[{"href":"https:\/\/eldiariodesanpedro.com.ar\/sitio\/wp-json\/wp\/v2\/media?parent=12598"}],"wp:term":[{"taxonomy":"category","embeddable":true,"href":"https:\/\/eldiariodesanpedro.com.ar\/sitio\/wp-json\/wp\/v2\/categories?post=12598"},{"taxonomy":"post_tag","embeddable":true,"href":"https:\/\/eldiariodesanpedro.com.ar\/sitio\/wp-json\/wp\/v2\/tags?post=12598"}],"curies":[{"name":"wp","href":"https:\/\/api.w.org\/{rel}","templated":true}]}}