{"id":125970,"date":"2024-02-13T12:55:24","date_gmt":"2024-02-13T15:55:24","guid":{"rendered":"https:\/\/eldiariodesanpedro.com.ar\/sitio\/?p=125970"},"modified":"2024-02-13T13:02:02","modified_gmt":"2024-02-13T16:02:02","slug":"encontraron-una-persona-sin-vida","status":"publish","type":"post","link":"https:\/\/eldiariodesanpedro.com.ar\/sitio\/encontraron-una-persona-sin-vida\/","title":{"rendered":"Encontraron una persona sin vida"},"content":{"rendered":"<!-- VideographyWP Plugin Message: Automatic video embedding prevented by plugin options. -->\n\n<p>En mla ma\u00f1ana de este martes fue hallada una persona sin vida en la zona de las v\u00edas cerca del barrio la providencia en un descampado.<\/p>\n\n\n\n<p>la polic\u00eda trabaja en el lugar para identificar el cuerpo y las causas de la muerte. <\/p>\n\n\n\n<p>La zona ser\u00eda por detr\u00e1s del barrio Villa Igoisho en un descapampado cercano a las v\u00edas. <\/p>\n\n\n\n<p><\/p>\n","protected":false},"excerpt":{"rendered":"<p>En mla ma\u00f1ana de este martes fue hallada una persona sin vida en la zona de las v\u00edas cerca del barrio la providencia en un descampado. la polic\u00eda trabaja en el lugar para identificar el cuerpo y las causas de la muerte. La zona ser\u00eda por detr\u00e1s del barrio Villa Igoisho en un descapampado cercano [&hellip;]<\/p>\n","protected":false},"author":4,"featured_media":125971,"comment_status":"closed","ping_status":"closed","sticky":false,"template":"","format":"standard","meta":{"om_disable_all_campaigns":false,"_jetpack_memberships_contains_paid_content":false,"footnotes":""},"categories":[50,2,103],"tags":[197,1355,33,1122],"class_list":["post-125970","post","type-post","status-publish","format-standard","has-post-thumbnail","hentry","category-destacadas","category-locales","category-policiales-locales","tag-buenos-aires","tag-judiciales","tag-locales","tag-sucesion"],"aioseo_notices":[],"gutentor_comment":0,"jetpack_featured_media_url":"https:\/\/eldiariodesanpedro.com.ar\/sitio\/wp-content\/uploads\/2024\/02\/20240213_124105.jpg","jetpack_shortlink":"https:\/\/wp.me\/p6RhLt-wLM","jetpack_sharing_enabled":true,"_links":{"self":[{"href":"https:\/\/eldiariodesanpedro.com.ar\/sitio\/wp-json\/wp\/v2\/posts\/125970","targetHints":{"allow":["GET"]}}],"collection":[{"href":"https:\/\/eldiariodesanpedro.com.ar\/sitio\/wp-json\/wp\/v2\/posts"}],"about":[{"href":"https:\/\/eldiariodesanpedro.com.ar\/sitio\/wp-json\/wp\/v2\/types\/post"}],"author":[{"embeddable":true,"href":"https:\/\/eldiariodesanpedro.com.ar\/sitio\/wp-json\/wp\/v2\/users\/4"}],"replies":[{"embeddable":true,"href":"https:\/\/eldiariodesanpedro.com.ar\/sitio\/wp-json\/wp\/v2\/comments?post=125970"}],"version-history":[{"count":2,"href":"https:\/\/eldiariodesanpedro.com.ar\/sitio\/wp-json\/wp\/v2\/posts\/125970\/revisions"}],"predecessor-version":[{"id":125974,"href":"https:\/\/eldiariodesanpedro.com.ar\/sitio\/wp-json\/wp\/v2\/posts\/125970\/revisions\/125974"}],"wp:featuredmedia":[{"embeddable":true,"href":"https:\/\/eldiariodesanpedro.com.ar\/sitio\/wp-json\/wp\/v2\/media\/125971"}],"wp:attachment":[{"href":"https:\/\/eldiariodesanpedro.com.ar\/sitio\/wp-json\/wp\/v2\/media?parent=125970"}],"wp:term":[{"taxonomy":"category","embeddable":true,"href":"https:\/\/eldiariodesanpedro.com.ar\/sitio\/wp-json\/wp\/v2\/categories?post=125970"},{"taxonomy":"post_tag","embeddable":true,"href":"https:\/\/eldiariodesanpedro.com.ar\/sitio\/wp-json\/wp\/v2\/tags?post=125970"}],"curies":[{"name":"wp","href":"https:\/\/api.w.org\/{rel}","templated":true}]}}