{"id":12594,"date":"2017-01-10T20:19:51","date_gmt":"2017-01-10T23:19:51","guid":{"rendered":"https:\/\/eldiariodesanpedro.com.ar\/sitio\/?p=12594"},"modified":"2017-01-10T20:19:51","modified_gmt":"2017-01-10T23:19:51","slug":"detienen-en-san-nicolas-a-un-fugado-de-una-carcel-rosarina","status":"publish","type":"post","link":"https:\/\/eldiariodesanpedro.com.ar\/sitio\/detienen-en-san-nicolas-a-un-fugado-de-una-carcel-rosarina\/","title":{"rendered":"Detienen en San Nicol\u00e1s a un fugado de una c\u00e1rcel rosarina"},"content":{"rendered":"<p><!-- VideographyWP Plugin Message: Automatic video embedding prevented by plugin options. --><br \/>\nLos hechos se sucedieron en el mediod\u00eda del domingo en la salida del culto en la Iglesia Gran Rey de Lavalle al 900. Una mujer fue abordada por un joven que intent\u00f3 sustraerle la cartera, amenaz\u00e1ndola con un rev\u00f3lver. La maniobra fue resistida por la v\u00edctima, que recibi\u00f3 ayuda de su padre. La escena fue observada por un numerario de la Polic\u00eda que presta servicios en Bomberos, que estaba ocasionalmente en el lugar de civil en franco de turno.<\/p>\n<p>En el forcejeo con el delincuente, este efect\u00faa varios disparos, generando un desbande entre los ocasionales testigos de la situaci\u00f3n.<\/p>\n<p>Uno de los disparos dio en el pie del joven ladr\u00f3n que reducido fue entregado a la polic\u00eda y tras las curaciones de rigor en la Guardia del Hospital San Felipe qued\u00f3 a disposici\u00f3n de la fiscal\u00eda 1 tematizada en robos calificados. En la confusi\u00f3n un c\u00f3mplice en motocicleta huy\u00f3 del lugar.<\/p>\n<p>Mientras se realizaban las diligencias en el lugar, donde se secuestr\u00f3 el arma utilizada, algunos de los plomos disparados y las vainas percutadas, los vecinos comentaban los hechos con azoro.<\/p>\n<p>En dependencias de la DDI surgi\u00f3 que el joven herido y aprehendido en flagrancia era Ezequiel Leandro Aybar, oriundo de P\u00e9rez, y que ten\u00eda un pedido de captura por haberse fugado de la comisar\u00eda 13 de Rosario en noviembre de 2016.<\/p>\n<p>Tras la investigaci\u00f3n de la tentativa de robo calificado de este domingo a la salida de la iglesia, se intenta conectar otros hechos que lo podr\u00edan tener involucrado al aprehendido en jurisdicci\u00f3n de la comisar\u00eda Tercera.(Diario El Informante).<\/p>\n","protected":false},"excerpt":{"rendered":"<p>Los hechos se sucedieron en el mediod\u00eda del domingo en la salida del culto en la Iglesia Gran Rey de Lavalle al 900. Una mujer fue abordada por un joven que intent\u00f3 sustraerle la cartera, amenaz\u00e1ndola con un rev\u00f3lver. La maniobra fue resistida por la v\u00edctima, que recibi\u00f3 ayuda de su padre. La escena fue [&hellip;]<\/p>\n","protected":false},"author":4,"featured_media":12596,"comment_status":"open","ping_status":"closed","sticky":false,"template":"","format":"standard","meta":{"om_disable_all_campaigns":false,"_jetpack_memberships_contains_paid_content":false,"footnotes":""},"categories":[621],"tags":[],"class_list":["post-12594","post","type-post","status-publish","format-standard","has-post-thumbnail","hentry","category-regionales"],"aioseo_notices":[],"gutentor_comment":0,"jetpack_featured_media_url":"https:\/\/eldiariodesanpedro.com.ar\/sitio\/wp-content\/uploads\/2017\/01\/El-sujeto-detenido-en-San-Nicol\u00e1s.jpg","jetpack_shortlink":"https:\/\/wp.me\/p6RhLt-3h8","jetpack_sharing_enabled":true,"_links":{"self":[{"href":"https:\/\/eldiariodesanpedro.com.ar\/sitio\/wp-json\/wp\/v2\/posts\/12594","targetHints":{"allow":["GET"]}}],"collection":[{"href":"https:\/\/eldiariodesanpedro.com.ar\/sitio\/wp-json\/wp\/v2\/posts"}],"about":[{"href":"https:\/\/eldiariodesanpedro.com.ar\/sitio\/wp-json\/wp\/v2\/types\/post"}],"author":[{"embeddable":true,"href":"https:\/\/eldiariodesanpedro.com.ar\/sitio\/wp-json\/wp\/v2\/users\/4"}],"replies":[{"embeddable":true,"href":"https:\/\/eldiariodesanpedro.com.ar\/sitio\/wp-json\/wp\/v2\/comments?post=12594"}],"version-history":[{"count":1,"href":"https:\/\/eldiariodesanpedro.com.ar\/sitio\/wp-json\/wp\/v2\/posts\/12594\/revisions"}],"predecessor-version":[{"id":12597,"href":"https:\/\/eldiariodesanpedro.com.ar\/sitio\/wp-json\/wp\/v2\/posts\/12594\/revisions\/12597"}],"wp:featuredmedia":[{"embeddable":true,"href":"https:\/\/eldiariodesanpedro.com.ar\/sitio\/wp-json\/wp\/v2\/media\/12596"}],"wp:attachment":[{"href":"https:\/\/eldiariodesanpedro.com.ar\/sitio\/wp-json\/wp\/v2\/media?parent=12594"}],"wp:term":[{"taxonomy":"category","embeddable":true,"href":"https:\/\/eldiariodesanpedro.com.ar\/sitio\/wp-json\/wp\/v2\/categories?post=12594"},{"taxonomy":"post_tag","embeddable":true,"href":"https:\/\/eldiariodesanpedro.com.ar\/sitio\/wp-json\/wp\/v2\/tags?post=12594"}],"curies":[{"name":"wp","href":"https:\/\/api.w.org\/{rel}","templated":true}]}}