{"id":12590,"date":"2017-01-10T20:15:32","date_gmt":"2017-01-10T23:15:32","guid":{"rendered":"https:\/\/eldiariodesanpedro.com.ar\/sitio\/?p=12590"},"modified":"2017-01-10T20:15:32","modified_gmt":"2017-01-10T23:15:32","slug":"manso-solicito-la-prision-preventiva-de-cristina-mateos","status":"publish","type":"post","link":"https:\/\/eldiariodesanpedro.com.ar\/sitio\/manso-solicito-la-prision-preventiva-de-cristina-mateos\/","title":{"rendered":"Manso solicit\u00f3 la prisi\u00f3n preventiva de Cristina Mateos"},"content":{"rendered":"<p><!-- VideographyWP Plugin Message: Automatic video embedding prevented by plugin options. --><br \/>\nLa mujer est\u00e1 acusada de asesinar a Hugo Boccardo en el a\u00f1o 2014 en una vivienda de Villa Jard\u00edn.<br \/>\nEl fiscal solicit\u00f3 la medida al Juzgado de Garant\u00edas interviniente y ahora habr\u00e1 que esperar por la resoluci\u00f3n a favor o en contra de la medida, en el marco de la causa caratulado como Homicidio Calificado.<\/p>\n<p>Cabe recordar que Cristina Mabel Mateos, de 67 a\u00f1os, est\u00e1 acusada de asesinar a Hugo Boccardo en el a\u00f1o 2014 en una vivienda de Villa Jard\u00edn.<\/p>\n<p>Los peritajes realizados por la Polic\u00eda Cient\u00edfica permitieron establecer que hab\u00eda bario y antimonio (dos componentes que conforman la p\u00f3lvora) en mayor cantidad en la mano de la mujer que en la persona fallecida, quien supuestamente se hab\u00eda efectuado el disparo.<\/p>\n<p>En tanto, tambi\u00e9n se pudo establecer que el lugar de la escena hab\u00eda sido adulterada, y cuerpo hab\u00eda sido manipulado.<\/p>\n","protected":false},"excerpt":{"rendered":"<p>La mujer est\u00e1 acusada de asesinar a Hugo Boccardo en el a\u00f1o 2014 en una vivienda de Villa Jard\u00edn. El fiscal solicit\u00f3 la medida al Juzgado de Garant\u00edas interviniente y ahora habr\u00e1 que esperar por la resoluci\u00f3n a favor o en contra de la medida, en el marco de la causa caratulado como Homicidio Calificado. [&hellip;]<\/p>\n","protected":false},"author":4,"featured_media":8068,"comment_status":"open","ping_status":"closed","sticky":false,"template":"","format":"standard","meta":{"om_disable_all_campaigns":false,"_jetpack_memberships_contains_paid_content":false,"footnotes":""},"categories":[101,2],"tags":[],"class_list":["post-12590","post","type-post","status-publish","format-standard","has-post-thumbnail","hentry","category-interes-general-locales","category-locales"],"aioseo_notices":[],"gutentor_comment":0,"jetpack_featured_media_url":"https:\/\/eldiariodesanpedro.com.ar\/sitio\/wp-content\/uploads\/2016\/09\/marcelo-manso.jpg","jetpack_shortlink":"https:\/\/wp.me\/p6RhLt-3h4","jetpack_sharing_enabled":true,"_links":{"self":[{"href":"https:\/\/eldiariodesanpedro.com.ar\/sitio\/wp-json\/wp\/v2\/posts\/12590","targetHints":{"allow":["GET"]}}],"collection":[{"href":"https:\/\/eldiariodesanpedro.com.ar\/sitio\/wp-json\/wp\/v2\/posts"}],"about":[{"href":"https:\/\/eldiariodesanpedro.com.ar\/sitio\/wp-json\/wp\/v2\/types\/post"}],"author":[{"embeddable":true,"href":"https:\/\/eldiariodesanpedro.com.ar\/sitio\/wp-json\/wp\/v2\/users\/4"}],"replies":[{"embeddable":true,"href":"https:\/\/eldiariodesanpedro.com.ar\/sitio\/wp-json\/wp\/v2\/comments?post=12590"}],"version-history":[{"count":1,"href":"https:\/\/eldiariodesanpedro.com.ar\/sitio\/wp-json\/wp\/v2\/posts\/12590\/revisions"}],"predecessor-version":[{"id":12591,"href":"https:\/\/eldiariodesanpedro.com.ar\/sitio\/wp-json\/wp\/v2\/posts\/12590\/revisions\/12591"}],"wp:featuredmedia":[{"embeddable":true,"href":"https:\/\/eldiariodesanpedro.com.ar\/sitio\/wp-json\/wp\/v2\/media\/8068"}],"wp:attachment":[{"href":"https:\/\/eldiariodesanpedro.com.ar\/sitio\/wp-json\/wp\/v2\/media?parent=12590"}],"wp:term":[{"taxonomy":"category","embeddable":true,"href":"https:\/\/eldiariodesanpedro.com.ar\/sitio\/wp-json\/wp\/v2\/categories?post=12590"},{"taxonomy":"post_tag","embeddable":true,"href":"https:\/\/eldiariodesanpedro.com.ar\/sitio\/wp-json\/wp\/v2\/tags?post=12590"}],"curies":[{"name":"wp","href":"https:\/\/api.w.org\/{rel}","templated":true}]}}