{"id":12587,"date":"2017-01-10T20:13:29","date_gmt":"2017-01-10T23:13:29","guid":{"rendered":"https:\/\/eldiariodesanpedro.com.ar\/sitio\/?p=12587"},"modified":"2017-01-10T20:14:12","modified_gmt":"2017-01-10T23:14:12","slug":"manso-se-ha-ensanado-con-el-apellido-monzon","status":"publish","type":"post","link":"https:\/\/eldiariodesanpedro.com.ar\/sitio\/manso-se-ha-ensanado-con-el-apellido-monzon\/","title":{"rendered":"\u00abManso se ha ensa\u00f1ado con el apellido Monz\u00f3n\u201d"},"content":{"rendered":"<p><!-- VideographyWP Plugin Message: Automatic video embedding prevented by plugin options. --><br \/>\nEl padre y hermano de Nazareno estuvieron en los estudios de La Radio 92.3, luego de que el Juez de Garant\u00edas Ricardo Pratti no concediera el pedido de morigeraci\u00f3n de la situaci\u00f3n procesal por parte del Dr. Hugo Lima (abogado defensor de Monz\u00f3n) a su defendido, quien continuar\u00e1 alojado en la Unidad Penal N\u00b0 3 de San Nicol\u00e1s.<\/p>\n<p>Cabe destacar que es el \u00fanico detenido por el momento por la causa, donde se investiga el asesinato de Pedro Monz\u00f3n en noviembre del a\u00f1o pasado.<\/p>\n<p>Ambos dejaron su impresi\u00f3n acerca de su situaci\u00f3n y a su vez se mostraron molestos con el fiscal Manso.  <\/p>\n<p>\u201cEn el lugar donde est\u00e1 es muy peligroso\u201d y \u201cpor las cosas que \u00e9l nos cuenta creo que no es un chico para estar en aquel lugar\u201d, sostuvo Juan, padre el imputado.<\/p>\n<p>Al tiempo que agreg\u00f3: \u201cHasta aqu\u00ed no tenemos nada alentador, pero estamos pensando en todas las cosas para ver como revemos todas las cosas para poder analizar nuevamente todo lo que fue la investigaci\u00f3n, porque hay muchos comentarios, muchas redes sociales y yo creo que la investigaci\u00f3n se tendr\u00eda que haber desarrollado de otra manera\u201d.<\/p>\n<p>\u201cYo creo que el fiscal, si fueron tres personas las que participaron de la pelea, tendr\u00eda que haber detenido a todos\u201d, afirm\u00f3 luego.  <\/p>\n<p>En tanto Mariano, hermano de Nazareno, quien particip\u00f3 en el mes de diciembre de la audiencia presidida por el Juez Patti, donde estuvieron a su vez presentes el fiscal y el Dr. Hugo Lima (abogado de la familia), sostuvo que Manso \u201clo acusaba (a Nazareno) diciendo que ten\u00eda dos testigos, uno era un patovica y el otro testigo era una mujer que era la novia del patovica\u201d.  <\/p>\n<p>\u201cEl patovica le hab\u00eda contado que Nazareno Monz\u00f3n hab\u00eda apu\u00f1alado a otra persona en HH y el juez Pratti le pregunta\u201d, sin embargo no habr\u00eda denuncia sobre ello, \u201centonces por qu\u00e9 el Fiscal Manso llev\u00f3 esa prueba ah\u00ed con el homicidio de Pedro\u201d, se pregunt\u00f3.  <\/p>\n<p>Al tiempo, asegur\u00f3 que Manso habr\u00eda expuesto que las heridas en las personas que fueron lesionadas esa madrugada fueron realizadas con \u201cdistintos cuchillos\u201d.<\/p>\n<p>Luego consider\u00f3: \u201cEn la audiencia no llev\u00f3 nada concreto. Present\u00f3 el patovica y la novia del patovica porque el arma no la encontr\u00f3\u201d.<\/p>\n<p>Asimismo asever\u00f3: \u201cNosotros le har\u00edamos una denuncia a Manso, yo creo que no est\u00e1 haciendo las cosas bien. Yo creo que se lleva por lo que le dicen\u201d.<\/p>\n<p>Por su parte, Juan tom\u00f3 la palabra nuevamente y expres\u00f3: \u201cYo no se si este se\u00f1or se ha ensa\u00f1ado con el apellido Monz\u00f3n\u201d. \u201cYo voy a estar haciendo un viaje a la Procuradur\u00eda General de la Provincia de Buenos Aires que es donde salen todos los fiscales y yo quiero hablar con familiares de mi sobrino (Daniel Monz\u00f3n) que lo mataron en R\u00edo Tala porque qued\u00f3 la causa sin investigaci\u00f3n\u201d. Record\u00f3 sobre el hecho: \u201cSalieron a decir que hab\u00eda habido un tiroteo en R\u00edo Tala y lo hab\u00edan matado a este chico\u201d y \u201chay muchas amenazas sobre la familia, sobre la abogada que llevaba la causa y hay muchos cabos sueltos\u201d.<\/p>\n","protected":false},"excerpt":{"rendered":"<p>El padre y hermano de Nazareno estuvieron en los estudios de La Radio 92.3, luego de que el Juez de Garant\u00edas Ricardo Pratti no concediera el pedido de morigeraci\u00f3n de la situaci\u00f3n procesal por parte del Dr. Hugo Lima (abogado defensor de Monz\u00f3n) a su defendido, quien continuar\u00e1 alojado en la Unidad Penal N\u00b0 3 [&hellip;]<\/p>\n","protected":false},"author":4,"featured_media":12588,"comment_status":"open","ping_status":"closed","sticky":false,"template":"","format":"standard","meta":{"om_disable_all_campaigns":false,"_jetpack_memberships_contains_paid_content":false,"footnotes":""},"categories":[50,101,2],"tags":[],"class_list":["post-12587","post","type-post","status-publish","format-standard","has-post-thumbnail","hentry","category-destacadas","category-interes-general-locales","category-locales"],"aioseo_notices":[],"gutentor_comment":0,"jetpack_featured_media_url":"https:\/\/eldiariodesanpedro.com.ar\/sitio\/wp-content\/uploads\/2017\/01\/Juan-y-Mariano-Monz\u00f3n.jpg","jetpack_shortlink":"https:\/\/wp.me\/p6RhLt-3h1","jetpack_sharing_enabled":true,"_links":{"self":[{"href":"https:\/\/eldiariodesanpedro.com.ar\/sitio\/wp-json\/wp\/v2\/posts\/12587","targetHints":{"allow":["GET"]}}],"collection":[{"href":"https:\/\/eldiariodesanpedro.com.ar\/sitio\/wp-json\/wp\/v2\/posts"}],"about":[{"href":"https:\/\/eldiariodesanpedro.com.ar\/sitio\/wp-json\/wp\/v2\/types\/post"}],"author":[{"embeddable":true,"href":"https:\/\/eldiariodesanpedro.com.ar\/sitio\/wp-json\/wp\/v2\/users\/4"}],"replies":[{"embeddable":true,"href":"https:\/\/eldiariodesanpedro.com.ar\/sitio\/wp-json\/wp\/v2\/comments?post=12587"}],"version-history":[{"count":1,"href":"https:\/\/eldiariodesanpedro.com.ar\/sitio\/wp-json\/wp\/v2\/posts\/12587\/revisions"}],"predecessor-version":[{"id":12589,"href":"https:\/\/eldiariodesanpedro.com.ar\/sitio\/wp-json\/wp\/v2\/posts\/12587\/revisions\/12589"}],"wp:featuredmedia":[{"embeddable":true,"href":"https:\/\/eldiariodesanpedro.com.ar\/sitio\/wp-json\/wp\/v2\/media\/12588"}],"wp:attachment":[{"href":"https:\/\/eldiariodesanpedro.com.ar\/sitio\/wp-json\/wp\/v2\/media?parent=12587"}],"wp:term":[{"taxonomy":"category","embeddable":true,"href":"https:\/\/eldiariodesanpedro.com.ar\/sitio\/wp-json\/wp\/v2\/categories?post=12587"},{"taxonomy":"post_tag","embeddable":true,"href":"https:\/\/eldiariodesanpedro.com.ar\/sitio\/wp-json\/wp\/v2\/tags?post=12587"}],"curies":[{"name":"wp","href":"https:\/\/api.w.org\/{rel}","templated":true}]}}