{"id":125865,"date":"2024-02-07T15:50:57","date_gmt":"2024-02-07T18:50:57","guid":{"rendered":"https:\/\/eldiariodesanpedro.com.ar\/sitio\/?p=125865"},"modified":"2024-02-07T15:50:59","modified_gmt":"2024-02-07T18:50:59","slug":"clausura-de-geriatrico-por-irregularidades-graves","status":"publish","type":"post","link":"https:\/\/eldiariodesanpedro.com.ar\/sitio\/clausura-de-geriatrico-por-irregularidades-graves\/","title":{"rendered":"Clausura de Geri\u00e1trico por irregularidades graves"},"content":{"rendered":"<!-- VideographyWP Plugin Message: Automatic video embedding prevented by plugin options. -->\n\n<p>La&nbsp;<strong>Justicia<\/strong>&nbsp;ha iniciado una investigaci\u00f3n sobre el&nbsp;<strong>Geri\u00e1trico San Francisco de As\u00eds<\/strong>, ubicado en la calle San Mart\u00edn, debido a&nbsp;<strong>graves irregularidades<\/strong>. Este establecimiento, que ha estado en funcionamiento durante muchos a\u00f1os, carece de habilitaci\u00f3n desde hace&nbsp;<strong>30 a\u00f1os<\/strong>, ya que no renov\u00f3 su permiso en&nbsp;<strong>1994<\/strong>. Hasta ese momento, operaba con un permiso precario.<\/p>\n\n\n\n<p>Las denuncias de familiares y personas con informaci\u00f3n previa planteaban preocupaciones sobre el funcionamiento y el trato hacia los residentes del geri\u00e1trico. Sin embargo, la situaci\u00f3n se agrav\u00f3 tras la&nbsp;<strong>muerte sospechosa de una mujer de 38 a\u00f1os<\/strong>. Ante este hecho,&nbsp;<strong>Diego Lafalce<\/strong>, inspector de Geri\u00e1tricos de la Secretar\u00eda de Salud, llev\u00f3 a cabo una inspecci\u00f3n.<\/p>\n\n\n\n<p>Los resultados fueron contundentes: el geri\u00e1trico carece de habilitaci\u00f3n por parte del&nbsp;<strong>Ministerio de la Provincia de Buenos Aires<\/strong>. Adem\u00e1s, se encontraron&nbsp;<strong>serias deficiencias<\/strong>&nbsp;relacionadas con la&nbsp;<strong>bioseguridad<\/strong>&nbsp;del lugar, como colchones no ign\u00edfugos y otras condiciones que afectan el normal funcionamiento de la instituci\u00f3n.<\/p>\n\n\n\n<p>No es la primera vez que este geri\u00e1trico enfrenta una clausura. Ya ha sufrido&nbsp;<strong>varias clausuras preventivas<\/strong>&nbsp;en el pasado, y actualmente se encuentra bajo una clausura con desalojo desde&nbsp;<strong>2022<\/strong>, ratificada en&nbsp;<strong>2023<\/strong>, junto con una multa. Estas irregularidades podr\u00edan constituir un delito, por lo que se ha presentado una denuncia contra la instituci\u00f3n y su titular.<\/p>\n\n\n\n<p>El due\u00f1o del geri\u00e1trico es el&nbsp;<strong>Dr. Juli\u00e1n G\u00f3mez<\/strong>, quien tambi\u00e9n ha enfrentado problemas similares en&nbsp;<strong>Baradero<\/strong>, seg\u00fan testimonios. La Justicia continuar\u00e1 investigando para garantizar la seguridad y el bienestar de los residentes y tomar las medidas necesarias .<\/p>\n","protected":false},"excerpt":{"rendered":"<p>La&nbsp;Justicia&nbsp;ha iniciado una investigaci\u00f3n sobre el&nbsp;Geri\u00e1trico San Francisco de As\u00eds, ubicado en la calle San Mart\u00edn, debido a&nbsp;graves irregularidades. Este establecimiento, que ha estado en funcionamiento durante muchos a\u00f1os, carece de habilitaci\u00f3n desde hace&nbsp;30 a\u00f1os, ya que no renov\u00f3 su permiso en&nbsp;1994. Hasta ese momento, operaba con un permiso precario. Las denuncias de familiares y [&hellip;]<\/p>\n","protected":false},"author":4,"featured_media":125866,"comment_status":"closed","ping_status":"closed","sticky":false,"template":"","format":"standard","meta":{"om_disable_all_campaigns":false,"_jetpack_memberships_contains_paid_content":false,"footnotes":""},"categories":[50,101,2],"tags":[],"class_list":["post-125865","post","type-post","status-publish","format-standard","has-post-thumbnail","hentry","category-destacadas","category-interes-general-locales","category-locales"],"aioseo_notices":[],"gutentor_comment":0,"jetpack_featured_media_url":"https:\/\/eldiariodesanpedro.com.ar\/sitio\/wp-content\/uploads\/2024\/02\/gariatrico.jpg","jetpack_shortlink":"https:\/\/wp.me\/p6RhLt-wK5","jetpack_sharing_enabled":true,"_links":{"self":[{"href":"https:\/\/eldiariodesanpedro.com.ar\/sitio\/wp-json\/wp\/v2\/posts\/125865","targetHints":{"allow":["GET"]}}],"collection":[{"href":"https:\/\/eldiariodesanpedro.com.ar\/sitio\/wp-json\/wp\/v2\/posts"}],"about":[{"href":"https:\/\/eldiariodesanpedro.com.ar\/sitio\/wp-json\/wp\/v2\/types\/post"}],"author":[{"embeddable":true,"href":"https:\/\/eldiariodesanpedro.com.ar\/sitio\/wp-json\/wp\/v2\/users\/4"}],"replies":[{"embeddable":true,"href":"https:\/\/eldiariodesanpedro.com.ar\/sitio\/wp-json\/wp\/v2\/comments?post=125865"}],"version-history":[{"count":1,"href":"https:\/\/eldiariodesanpedro.com.ar\/sitio\/wp-json\/wp\/v2\/posts\/125865\/revisions"}],"predecessor-version":[{"id":125867,"href":"https:\/\/eldiariodesanpedro.com.ar\/sitio\/wp-json\/wp\/v2\/posts\/125865\/revisions\/125867"}],"wp:featuredmedia":[{"embeddable":true,"href":"https:\/\/eldiariodesanpedro.com.ar\/sitio\/wp-json\/wp\/v2\/media\/125866"}],"wp:attachment":[{"href":"https:\/\/eldiariodesanpedro.com.ar\/sitio\/wp-json\/wp\/v2\/media?parent=125865"}],"wp:term":[{"taxonomy":"category","embeddable":true,"href":"https:\/\/eldiariodesanpedro.com.ar\/sitio\/wp-json\/wp\/v2\/categories?post=125865"},{"taxonomy":"post_tag","embeddable":true,"href":"https:\/\/eldiariodesanpedro.com.ar\/sitio\/wp-json\/wp\/v2\/tags?post=125865"}],"curies":[{"name":"wp","href":"https:\/\/api.w.org\/{rel}","templated":true}]}}