{"id":125862,"date":"2024-02-07T15:07:58","date_gmt":"2024-02-07T18:07:58","guid":{"rendered":"https:\/\/eldiariodesanpedro.com.ar\/sitio\/?p=125862"},"modified":"2024-02-07T15:08:01","modified_gmt":"2024-02-07T18:08:01","slug":"anuncian-sistema-frontal-frio-que-pondra-fin-al-calor-este-fin-de-semana-con-tormentas","status":"publish","type":"post","link":"https:\/\/eldiariodesanpedro.com.ar\/sitio\/anuncian-sistema-frontal-frio-que-pondra-fin-al-calor-este-fin-de-semana-con-tormentas\/","title":{"rendered":"Anuncian sistema frontal fr\u00edo que pondr\u00e1 fin al calor este fin de semana con tormentas"},"content":{"rendered":"<!-- VideographyWP Plugin Message: Automatic video embedding prevented by plugin options. -->\n\n<p>Se acerca un sistema frontal fr\u00edo que traer\u00e1 alivio y le pondr\u00e1 fin a la ola de calor. Prev\u00e9n lluvias y tormentas generalizadas.<\/p>\n\n\n\n<p>El fin de la ola de calor comienza a vislumbrarse progresivamente m\u00e1s cerca del fin de semana, con el avance de un sistema frontal fr\u00edo que provocar\u00e1 un cambio en la masa de aire, aplacando la ola de calor y permitiendo el ingreso de una masa de aire m\u00e1s fr\u00edo al centro y norte de Argentina.<\/p>\n\n\n\n<p>Este sistema frontal no s\u00f3lo traer\u00eda un alivio y pondr\u00eda punto final a la extensa ola de calor, sino que tambi\u00e9n presentar\u00eda un importante desarrollo de lluvias y tormentas generalizadas y de variada intensidad sobre gran parte de la porci\u00f3n central del pa\u00eds. En San Pedro llegar\u00edan m\u00e1s cerca del fin de semana, entre viernes y lunes.<\/p>\n\n\n\n<p>Si bien es cierto que previo a la llegada del sistema frontal se desarrollar\u00e1n algunas tormentas, las mismas ser\u00e1n m\u00e1s puntuales y aisladas y no modificar\u00e1n las condiciones de temperatura, por lo que s\u00f3lo representar\u00e1n un alivio temporario, en el momento y el lugar del chaparr\u00f3n, pero luego todo seguir\u00e1 de la misma manera, con altas temperaturas tanto m\u00ednimas como m\u00e1ximas, seg\u00fan public\u00f3 Meteored.<\/p>\n\n\n\n<p>\u00bfQu\u00e9 es un sistema frontal?<br>Un sistema frontal es una zona de transici\u00f3n entre dos masas de aire de diferente tipo. Por ejemplo, un frente fr\u00edo es la frontera o eje de nubosidad que se origina debido a que la masa de aire m\u00e1s fr\u00edo sustituye a la masa de aire m\u00e1s c\u00e1lido.<\/p>\n\n\n\n<p>Al imaginarlo o entendi\u00e9ndolo de otro modo, tenemos que cuando un frente fr\u00edo se mueve sobre un \u00e1rea, el aire fr\u00edo m\u00e1s pesado que lo empuja comienza a mezclarse por debajo, influyendo en el aire c\u00e1lido y ligero, comenzando a elevarlo y enfriarlo.<\/p>\n\n\n\n<p>Si al ascender es lo suficientemente h\u00famedo, entonces, el vapor de agua que contiene se condensa permitiendo la formaci\u00f3n de nubes y as\u00ed comienza la precipitaci\u00f3n. Por otro lado, detr\u00e1s del sistema frontal, en la zona dominada por la masa de aire fr\u00edo y a medida que el frente fr\u00edo avanza sobre la masa de aire c\u00e1lida y h\u00fameda, posteriormente tendremos una atm\u00f3sfera de aire fr\u00edo, seco y estable.<\/p>\n","protected":false},"excerpt":{"rendered":"<p>Se acerca un sistema frontal fr\u00edo que traer\u00e1 alivio y le pondr\u00e1 fin a la ola de calor. Prev\u00e9n lluvias y tormentas generalizadas. El fin de la ola de calor comienza a vislumbrarse progresivamente m\u00e1s cerca del fin de semana, con el avance de un sistema frontal fr\u00edo que provocar\u00e1 un cambio en la masa [&hellip;]<\/p>\n","protected":false},"author":4,"featured_media":125863,"comment_status":"closed","ping_status":"closed","sticky":false,"template":"","format":"standard","meta":{"om_disable_all_campaigns":false,"_jetpack_memberships_contains_paid_content":false,"footnotes":""},"categories":[50,101,2],"tags":[],"class_list":["post-125862","post","type-post","status-publish","format-standard","has-post-thumbnail","hentry","category-destacadas","category-interes-general-locales","category-locales"],"aioseo_notices":[],"gutentor_comment":0,"jetpack_featured_media_url":"https:\/\/eldiariodesanpedro.com.ar\/sitio\/wp-content\/uploads\/2024\/02\/tormenta.jpg","jetpack_shortlink":"https:\/\/wp.me\/p6RhLt-wK2","jetpack_sharing_enabled":true,"_links":{"self":[{"href":"https:\/\/eldiariodesanpedro.com.ar\/sitio\/wp-json\/wp\/v2\/posts\/125862","targetHints":{"allow":["GET"]}}],"collection":[{"href":"https:\/\/eldiariodesanpedro.com.ar\/sitio\/wp-json\/wp\/v2\/posts"}],"about":[{"href":"https:\/\/eldiariodesanpedro.com.ar\/sitio\/wp-json\/wp\/v2\/types\/post"}],"author":[{"embeddable":true,"href":"https:\/\/eldiariodesanpedro.com.ar\/sitio\/wp-json\/wp\/v2\/users\/4"}],"replies":[{"embeddable":true,"href":"https:\/\/eldiariodesanpedro.com.ar\/sitio\/wp-json\/wp\/v2\/comments?post=125862"}],"version-history":[{"count":1,"href":"https:\/\/eldiariodesanpedro.com.ar\/sitio\/wp-json\/wp\/v2\/posts\/125862\/revisions"}],"predecessor-version":[{"id":125864,"href":"https:\/\/eldiariodesanpedro.com.ar\/sitio\/wp-json\/wp\/v2\/posts\/125862\/revisions\/125864"}],"wp:featuredmedia":[{"embeddable":true,"href":"https:\/\/eldiariodesanpedro.com.ar\/sitio\/wp-json\/wp\/v2\/media\/125863"}],"wp:attachment":[{"href":"https:\/\/eldiariodesanpedro.com.ar\/sitio\/wp-json\/wp\/v2\/media?parent=125862"}],"wp:term":[{"taxonomy":"category","embeddable":true,"href":"https:\/\/eldiariodesanpedro.com.ar\/sitio\/wp-json\/wp\/v2\/categories?post=125862"},{"taxonomy":"post_tag","embeddable":true,"href":"https:\/\/eldiariodesanpedro.com.ar\/sitio\/wp-json\/wp\/v2\/tags?post=125862"}],"curies":[{"name":"wp","href":"https:\/\/api.w.org\/{rel}","templated":true}]}}