{"id":125857,"date":"2024-02-06T13:41:56","date_gmt":"2024-02-06T16:41:56","guid":{"rendered":"https:\/\/eldiariodesanpedro.com.ar\/sitio\/?p=125857"},"modified":"2024-02-06T13:41:58","modified_gmt":"2024-02-06T16:41:58","slug":"denuncia-de-abuso-sexual-en-pueblo-doyle-justicia-investiga-caso-de-joven-con-problemas-mentales","status":"publish","type":"post","link":"https:\/\/eldiariodesanpedro.com.ar\/sitio\/denuncia-de-abuso-sexual-en-pueblo-doyle-justicia-investiga-caso-de-joven-con-problemas-mentales\/","title":{"rendered":"Denuncia de abuso sexual en Pueblo Doyle: Justicia investiga caso de joven con problemas mentales"},"content":{"rendered":"<!-- VideographyWP Plugin Message: Automatic video embedding prevented by plugin options. -->\n\n<p>En Pueblo Doyle se reporta una denuncia por un presunto caso de abuso sexual que implica a un joven de unos 19 a\u00f1os con problemas de salud mental. Seg\u00fan la denuncia, el s\u00e1bado pasado este joven se\u00f1al\u00f3 a una persona espec\u00edfica como responsable, aunque se menciona la participaci\u00f3n de otras 8 personas. <\/p>\n\n\n\n<p>Aunque hay versiones que sugieren que el posible afectado presenta marcas de violencia en su cuerpo como consecuencia del suceso, los resultados de los estudios preliminares han sido negativos. La Justicia ha intervenido y los residentes est\u00e1n pidiendo una investigaci\u00f3n exhaustiva para esclarecer lo sucedido.<\/p>\n","protected":false},"excerpt":{"rendered":"<p>En Pueblo Doyle se reporta una denuncia por un presunto caso de abuso sexual que implica a un joven de unos 19 a\u00f1os con problemas de salud mental. Seg\u00fan la denuncia, el s\u00e1bado pasado este joven se\u00f1al\u00f3 a una persona espec\u00edfica como responsable, aunque se menciona la participaci\u00f3n de otras 8 personas. Aunque hay versiones [&hellip;]<\/p>\n","protected":false},"author":4,"featured_media":92107,"comment_status":"closed","ping_status":"closed","sticky":false,"template":"","format":"standard","meta":{"om_disable_all_campaigns":false,"_jetpack_memberships_contains_paid_content":false,"footnotes":""},"categories":[50,2,103],"tags":[],"class_list":["post-125857","post","type-post","status-publish","format-standard","has-post-thumbnail","hentry","category-destacadas","category-locales","category-policiales-locales"],"aioseo_notices":[],"gutentor_comment":0,"jetpack_featured_media_url":"https:\/\/eldiariodesanpedro.com.ar\/sitio\/wp-content\/uploads\/2021\/05\/Pueblo-Doyle-2.jpg","jetpack_shortlink":"https:\/\/wp.me\/p6RhLt-wJX","jetpack_sharing_enabled":true,"_links":{"self":[{"href":"https:\/\/eldiariodesanpedro.com.ar\/sitio\/wp-json\/wp\/v2\/posts\/125857","targetHints":{"allow":["GET"]}}],"collection":[{"href":"https:\/\/eldiariodesanpedro.com.ar\/sitio\/wp-json\/wp\/v2\/posts"}],"about":[{"href":"https:\/\/eldiariodesanpedro.com.ar\/sitio\/wp-json\/wp\/v2\/types\/post"}],"author":[{"embeddable":true,"href":"https:\/\/eldiariodesanpedro.com.ar\/sitio\/wp-json\/wp\/v2\/users\/4"}],"replies":[{"embeddable":true,"href":"https:\/\/eldiariodesanpedro.com.ar\/sitio\/wp-json\/wp\/v2\/comments?post=125857"}],"version-history":[{"count":1,"href":"https:\/\/eldiariodesanpedro.com.ar\/sitio\/wp-json\/wp\/v2\/posts\/125857\/revisions"}],"predecessor-version":[{"id":125858,"href":"https:\/\/eldiariodesanpedro.com.ar\/sitio\/wp-json\/wp\/v2\/posts\/125857\/revisions\/125858"}],"wp:featuredmedia":[{"embeddable":true,"href":"https:\/\/eldiariodesanpedro.com.ar\/sitio\/wp-json\/wp\/v2\/media\/92107"}],"wp:attachment":[{"href":"https:\/\/eldiariodesanpedro.com.ar\/sitio\/wp-json\/wp\/v2\/media?parent=125857"}],"wp:term":[{"taxonomy":"category","embeddable":true,"href":"https:\/\/eldiariodesanpedro.com.ar\/sitio\/wp-json\/wp\/v2\/categories?post=125857"},{"taxonomy":"post_tag","embeddable":true,"href":"https:\/\/eldiariodesanpedro.com.ar\/sitio\/wp-json\/wp\/v2\/tags?post=125857"}],"curies":[{"name":"wp","href":"https:\/\/api.w.org\/{rel}","templated":true}]}}