{"id":125854,"date":"2024-02-06T13:12:17","date_gmt":"2024-02-06T16:12:17","guid":{"rendered":"https:\/\/eldiariodesanpedro.com.ar\/sitio\/?p=125854"},"modified":"2024-02-06T13:12:20","modified_gmt":"2024-02-06T16:12:20","slug":"aseguran-que-el-dr-gomez-abandono-a-un-paciente-en-la-via-publica-en-baradero","status":"publish","type":"post","link":"https:\/\/eldiariodesanpedro.com.ar\/sitio\/aseguran-que-el-dr-gomez-abandono-a-un-paciente-en-la-via-publica-en-baradero\/","title":{"rendered":"Aseguran que el Dr. G\u00f3mez abandon\u00f3 a un paciente en la v\u00eda p\u00fablica en Baradero"},"content":{"rendered":"<!-- VideographyWP Plugin Message: Automatic video embedding prevented by plugin options. -->\n\n<p>El m\u00e9dico que es due\u00f1o de un establecimiento habr\u00eda dejado en la v\u00eda publica de la vecina localidad a una persona con serios inconvenientes psiqui\u00e1tricos. El geri\u00e1trico fue clausurado.<\/p>\n\n\n\n<p>D\u00edas atr\u00e1s se conoci\u00f3 la noticia de que el Dr. Juli\u00e1n G\u00f3mez, duelo del geri\u00e1trico ubicado en San Martin y Maestro Reyna, hab\u00eda llevado y abandonado a un hombre con serio inconvenientes psiqui\u00e1tricos en la ciudad de Baradero.<\/p>\n\n\n\n<p>Hubo personas que lo vieron e identificaron porque justamente el m\u00e9dico es oriundo de esa ciudad.<\/p>\n\n\n\n<p>El paciente en cuesti\u00f3n ser\u00eda un hombre de Baradero a quien habitualmente se lo ve\u00eda deambular por el radio c\u00e9ntrico de San Pedro solo, en estado de ebriedad y en muchas ocasiones provocando desorden.<\/p>\n\n\n\n<p>La noticia se conoci\u00f3 a trav\u00e9s de la radio FM Tiempo de Varadero d\u00f3nde la testigo habl\u00f3 y di\u00f3 detalles de lo sucedido.<\/p>\n\n\n\n<p>\u00abFue liberado por el Dr. G\u00f3mez en la calle a las 11.20 de la noche\u00bb, dijo Marta Pardo.<\/p>\n\n\n\n<p>\u00abDesde el momento en que fue liberado en la v\u00eda p\u00fablica, comenz\u00f3 a realizar una serie de desmanes en la v\u00eda p\u00fablica hasta incluso ocasionando hechos delictivos en varios comercios de la zona. La misma persona apareci\u00f3 durmiendo en las puertas del CIC\u00bb.<\/p>\n\n\n\n<p>\u201cEste hombre tiene problemas mentales, estaba internado en el geri\u00e1trico de San Pedro del Dr. G\u00f3mez\u201d.<\/p>\n\n\n\n<p>\u201cLo tiro en Boedo al 1300 Justo al frente del hotel Jacaranda. No le hacen una internaci\u00f3n como corresponde\u201d.<\/p>\n\n\n\n<p>\u201cEste hombre es un degenerado. Hace cosas que no corresponde\u201d. \u00abLa familia ya no sabe que m\u00e1s hacer. El que lo arroj\u00f3 ah\u00ed fue el doctor G\u00f3mez, escuch\u00e9 ruidos, miro por mi ventana y veo que lo dej\u00f3 tirado el mismo doctor Gomez. Yo vi todo\u201d.<\/p>\n\n\n\n<p>\u201cGomez est\u00e1 cobrando la pensi\u00f3n de este hombre\u201d.<\/p>\n\n\n\n<p>\u201cLa familia ya no sabe que m\u00e1s hacer,no lo Internan en un psiqui\u00e1trico como corresponde\u201d.\u201c Iv\u00e1n Polizano es el nombre de este se\u00f1or\u201d.<\/p>\n\n\n\n<p>\u201cAdentro de la casa se desnuda delante de las criaturas . No pueden tenerlo en la casa puede violar a una criatura, puede matar a alguien es una persona que no puede estar libre\u201d.<\/p>\n\n\n\n<p>\u201cVive tirado, anda deambulando, roba, molesta a las mujeres en la calle, se desnuda\u201d, manifest\u00f3.<\/p>\n\n\n\n<p>Funte: San Pedro Informa<\/p>\n","protected":false},"excerpt":{"rendered":"<p>El m\u00e9dico que es due\u00f1o de un establecimiento habr\u00eda dejado en la v\u00eda publica de la vecina localidad a una persona con serios inconvenientes psiqui\u00e1tricos. El geri\u00e1trico fue clausurado. D\u00edas atr\u00e1s se conoci\u00f3 la noticia de que el Dr. Juli\u00e1n G\u00f3mez, duelo del geri\u00e1trico ubicado en San Martin y Maestro Reyna, hab\u00eda llevado y abandonado [&hellip;]<\/p>\n","protected":false},"author":4,"featured_media":125855,"comment_status":"closed","ping_status":"closed","sticky":false,"template":"","format":"standard","meta":{"om_disable_all_campaigns":false,"_jetpack_memberships_contains_paid_content":false,"footnotes":""},"categories":[50,101,2],"tags":[],"class_list":["post-125854","post","type-post","status-publish","format-standard","has-post-thumbnail","hentry","category-destacadas","category-interes-general-locales","category-locales"],"aioseo_notices":[],"gutentor_comment":0,"jetpack_featured_media_url":"https:\/\/eldiariodesanpedro.com.ar\/sitio\/wp-content\/uploads\/2024\/02\/0000022511-resized-1920x1080-1.jpg","jetpack_shortlink":"https:\/\/wp.me\/p6RhLt-wJU","jetpack_sharing_enabled":true,"_links":{"self":[{"href":"https:\/\/eldiariodesanpedro.com.ar\/sitio\/wp-json\/wp\/v2\/posts\/125854","targetHints":{"allow":["GET"]}}],"collection":[{"href":"https:\/\/eldiariodesanpedro.com.ar\/sitio\/wp-json\/wp\/v2\/posts"}],"about":[{"href":"https:\/\/eldiariodesanpedro.com.ar\/sitio\/wp-json\/wp\/v2\/types\/post"}],"author":[{"embeddable":true,"href":"https:\/\/eldiariodesanpedro.com.ar\/sitio\/wp-json\/wp\/v2\/users\/4"}],"replies":[{"embeddable":true,"href":"https:\/\/eldiariodesanpedro.com.ar\/sitio\/wp-json\/wp\/v2\/comments?post=125854"}],"version-history":[{"count":1,"href":"https:\/\/eldiariodesanpedro.com.ar\/sitio\/wp-json\/wp\/v2\/posts\/125854\/revisions"}],"predecessor-version":[{"id":125856,"href":"https:\/\/eldiariodesanpedro.com.ar\/sitio\/wp-json\/wp\/v2\/posts\/125854\/revisions\/125856"}],"wp:featuredmedia":[{"embeddable":true,"href":"https:\/\/eldiariodesanpedro.com.ar\/sitio\/wp-json\/wp\/v2\/media\/125855"}],"wp:attachment":[{"href":"https:\/\/eldiariodesanpedro.com.ar\/sitio\/wp-json\/wp\/v2\/media?parent=125854"}],"wp:term":[{"taxonomy":"category","embeddable":true,"href":"https:\/\/eldiariodesanpedro.com.ar\/sitio\/wp-json\/wp\/v2\/categories?post=125854"},{"taxonomy":"post_tag","embeddable":true,"href":"https:\/\/eldiariodesanpedro.com.ar\/sitio\/wp-json\/wp\/v2\/tags?post=125854"}],"curies":[{"name":"wp","href":"https:\/\/api.w.org\/{rel}","templated":true}]}}