{"id":125851,"date":"2024-02-06T12:56:10","date_gmt":"2024-02-06T15:56:10","guid":{"rendered":"https:\/\/eldiariodesanpedro.com.ar\/sitio\/?p=125851"},"modified":"2024-02-06T12:56:12","modified_gmt":"2024-02-06T15:56:12","slug":"la-sociedad-rural-pide-medidas-ante-la-creciente-plaga-de-cotorras","status":"publish","type":"post","link":"https:\/\/eldiariodesanpedro.com.ar\/sitio\/la-sociedad-rural-pide-medidas-ante-la-creciente-plaga-de-cotorras\/","title":{"rendered":"La Sociedad Rural pide medidas ante la creciente plaga de cotorras"},"content":{"rendered":"<!-- VideographyWP Plugin Message: Automatic video embedding prevented by plugin options. -->\n\n<p><br>La Comisi\u00f3n Directiva de la Sociedad Rural de San Pedro ha expresado su preocupaci\u00f3n por la proliferaci\u00f3n de cotorras y su posible impacto en la regi\u00f3n. En un comunicado, indicaron que hab\u00edan advertido sobre esta situaci\u00f3n en notas enviadas a los ministros de salud de Naci\u00f3n y Provincia en agosto de 2023, sin obtener respuesta. Recientemente, un informe t\u00e9cnico del INTA, basado en una encuesta a productores, ha reiterado la alerta. <\/p>\n\n\n\n<p>Los productores se\u00f1alan que esta plaga afecta no solo a los duraznos, sino a toda la producci\u00f3n agr\u00edcola, frut\u00edcola y hort\u00edcola de la zona. La entidad destaca que esta situaci\u00f3n provoca una disminuci\u00f3n en la producci\u00f3n y que el INTA propone diversas medidas preventivas que requieren la participaci\u00f3n activa del Estado provincial y nacional. <\/p>\n\n\n\n<p>Entre las recomendaciones se encuentran adelantar la cosecha de variedades m\u00e1s susceptibles, podar o eliminar \u00e1rboles donde se congregan las cotorras, y controlar su reproducci\u00f3n. Adem\u00e1s, se enfatiza que esta plaga representa un riesgo para la salud p\u00fablica, ya que puede transmitir enfermedades como la psitacosis.<\/p>\n","protected":false},"excerpt":{"rendered":"<p>La Comisi\u00f3n Directiva de la Sociedad Rural de San Pedro ha expresado su preocupaci\u00f3n por la proliferaci\u00f3n de cotorras y su posible impacto en la regi\u00f3n. En un comunicado, indicaron que hab\u00edan advertido sobre esta situaci\u00f3n en notas enviadas a los ministros de salud de Naci\u00f3n y Provincia en agosto de 2023, sin obtener respuesta. [&hellip;]<\/p>\n","protected":false},"author":4,"featured_media":125852,"comment_status":"closed","ping_status":"closed","sticky":false,"template":"","format":"standard","meta":{"om_disable_all_campaigns":false,"_jetpack_memberships_contains_paid_content":false,"footnotes":""},"categories":[101,2],"tags":[],"class_list":["post-125851","post","type-post","status-publish","format-standard","has-post-thumbnail","hentry","category-interes-general-locales","category-locales"],"aioseo_notices":[],"gutentor_comment":0,"jetpack_featured_media_url":"https:\/\/eldiariodesanpedro.com.ar\/sitio\/wp-content\/uploads\/2024\/02\/medida-11.jpg","jetpack_shortlink":"https:\/\/wp.me\/p6RhLt-wJR","jetpack_sharing_enabled":true,"_links":{"self":[{"href":"https:\/\/eldiariodesanpedro.com.ar\/sitio\/wp-json\/wp\/v2\/posts\/125851","targetHints":{"allow":["GET"]}}],"collection":[{"href":"https:\/\/eldiariodesanpedro.com.ar\/sitio\/wp-json\/wp\/v2\/posts"}],"about":[{"href":"https:\/\/eldiariodesanpedro.com.ar\/sitio\/wp-json\/wp\/v2\/types\/post"}],"author":[{"embeddable":true,"href":"https:\/\/eldiariodesanpedro.com.ar\/sitio\/wp-json\/wp\/v2\/users\/4"}],"replies":[{"embeddable":true,"href":"https:\/\/eldiariodesanpedro.com.ar\/sitio\/wp-json\/wp\/v2\/comments?post=125851"}],"version-history":[{"count":1,"href":"https:\/\/eldiariodesanpedro.com.ar\/sitio\/wp-json\/wp\/v2\/posts\/125851\/revisions"}],"predecessor-version":[{"id":125853,"href":"https:\/\/eldiariodesanpedro.com.ar\/sitio\/wp-json\/wp\/v2\/posts\/125851\/revisions\/125853"}],"wp:featuredmedia":[{"embeddable":true,"href":"https:\/\/eldiariodesanpedro.com.ar\/sitio\/wp-json\/wp\/v2\/media\/125852"}],"wp:attachment":[{"href":"https:\/\/eldiariodesanpedro.com.ar\/sitio\/wp-json\/wp\/v2\/media?parent=125851"}],"wp:term":[{"taxonomy":"category","embeddable":true,"href":"https:\/\/eldiariodesanpedro.com.ar\/sitio\/wp-json\/wp\/v2\/categories?post=125851"},{"taxonomy":"post_tag","embeddable":true,"href":"https:\/\/eldiariodesanpedro.com.ar\/sitio\/wp-json\/wp\/v2\/tags?post=125851"}],"curies":[{"name":"wp","href":"https:\/\/api.w.org\/{rel}","templated":true}]}}