{"id":12585,"date":"2017-01-10T20:10:06","date_gmt":"2017-01-10T23:10:06","guid":{"rendered":"https:\/\/eldiariodesanpedro.com.ar\/sitio\/?p=12585"},"modified":"2017-01-10T20:10:06","modified_gmt":"2017-01-10T23:10:06","slug":"jubilados-y-pensionados-pueden-dar-un-poder-a-otra-persona-para-el-cobro-de-sus-haberes","status":"publish","type":"post","link":"https:\/\/eldiariodesanpedro.com.ar\/sitio\/jubilados-y-pensionados-pueden-dar-un-poder-a-otra-persona-para-el-cobro-de-sus-haberes\/","title":{"rendered":"Jubilados y pensionados pueden dar un poder a otra persona para el cobro de sus haberes"},"content":{"rendered":"<p><!-- VideographyWP Plugin Message: Automatic video embedding prevented by plugin options. --><br \/>\nLa ANSES recuerda que los jubilados y pensionados tienen la posibilidad de nombrar a un apoderado, mayor de 18 a\u00f1os, para hacer tr\u00e1mites en sus oficinas o cobrar el haber previsional. Pero si el interesado solo desea un apoderado para percibir la jubilaci\u00f3n o pensi\u00f3n, puede designar a una entidad bancaria. <\/p>\n<p>El tr\u00e1mite debe hacerse presencialmente en cualquier delegaci\u00f3n de la ANSES, sacando un turno al tel\u00e9fono gratuito 130, de lunes a viernes de 8 a 20 horas, o desde www.anses.gob.ar, secci\u00f3n Turnos online, elegir Solicitar turno y seleccionar Registraci\u00f3n de poderes. All\u00ed deber\u00e1 indicar el CUIL y el nombre completo del jubilado o pensionado y el CUIL del apoderado.  <\/p>\n<p><strong>Grupos de pago para hoy<\/strong><\/p>\n<p>Jubilados y pensionados cuyos haberes no superan la suma de $6432 y sus documentos terminan en 4.<br \/>\nTitulares de la Asignaci\u00f3n Universal por Hijo, por Embarazo y PROGRESAR cuyos documentos terminan en 1. <\/p>\n<p>Los calendarios de pagos de todas las prestaciones pueden consultarse en www.anses.gob.ar.<\/p>\n","protected":false},"excerpt":{"rendered":"<p>La ANSES recuerda que los jubilados y pensionados tienen la posibilidad de nombrar a un apoderado, mayor de 18 a\u00f1os, para hacer tr\u00e1mites en sus oficinas o cobrar el haber previsional. Pero si el interesado solo desea un apoderado para percibir la jubilaci\u00f3n o pensi\u00f3n, puede designar a una entidad bancaria. El tr\u00e1mite debe hacerse [&hellip;]<\/p>\n","protected":false},"author":4,"featured_media":2499,"comment_status":"open","ping_status":"closed","sticky":false,"template":"","format":"standard","meta":{"om_disable_all_campaigns":false,"_jetpack_memberships_contains_paid_content":false,"footnotes":""},"categories":[101,2],"tags":[],"class_list":["post-12585","post","type-post","status-publish","format-standard","has-post-thumbnail","hentry","category-interes-general-locales","category-locales"],"aioseo_notices":[],"gutentor_comment":0,"jetpack_featured_media_url":"https:\/\/eldiariodesanpedro.com.ar\/sitio\/wp-content\/uploads\/2016\/03\/53614_p7-anses.jpg","jetpack_shortlink":"https:\/\/wp.me\/p6RhLt-3gZ","jetpack_sharing_enabled":true,"_links":{"self":[{"href":"https:\/\/eldiariodesanpedro.com.ar\/sitio\/wp-json\/wp\/v2\/posts\/12585","targetHints":{"allow":["GET"]}}],"collection":[{"href":"https:\/\/eldiariodesanpedro.com.ar\/sitio\/wp-json\/wp\/v2\/posts"}],"about":[{"href":"https:\/\/eldiariodesanpedro.com.ar\/sitio\/wp-json\/wp\/v2\/types\/post"}],"author":[{"embeddable":true,"href":"https:\/\/eldiariodesanpedro.com.ar\/sitio\/wp-json\/wp\/v2\/users\/4"}],"replies":[{"embeddable":true,"href":"https:\/\/eldiariodesanpedro.com.ar\/sitio\/wp-json\/wp\/v2\/comments?post=12585"}],"version-history":[{"count":1,"href":"https:\/\/eldiariodesanpedro.com.ar\/sitio\/wp-json\/wp\/v2\/posts\/12585\/revisions"}],"predecessor-version":[{"id":12586,"href":"https:\/\/eldiariodesanpedro.com.ar\/sitio\/wp-json\/wp\/v2\/posts\/12585\/revisions\/12586"}],"wp:featuredmedia":[{"embeddable":true,"href":"https:\/\/eldiariodesanpedro.com.ar\/sitio\/wp-json\/wp\/v2\/media\/2499"}],"wp:attachment":[{"href":"https:\/\/eldiariodesanpedro.com.ar\/sitio\/wp-json\/wp\/v2\/media?parent=12585"}],"wp:term":[{"taxonomy":"category","embeddable":true,"href":"https:\/\/eldiariodesanpedro.com.ar\/sitio\/wp-json\/wp\/v2\/categories?post=12585"},{"taxonomy":"post_tag","embeddable":true,"href":"https:\/\/eldiariodesanpedro.com.ar\/sitio\/wp-json\/wp\/v2\/tags?post=12585"}],"curies":[{"name":"wp","href":"https:\/\/api.w.org\/{rel}","templated":true}]}}