{"id":125849,"date":"2024-02-06T12:41:24","date_gmt":"2024-02-06T15:41:24","guid":{"rendered":"https:\/\/eldiariodesanpedro.com.ar\/sitio\/?p=125849"},"modified":"2024-02-06T12:41:26","modified_gmt":"2024-02-06T15:41:26","slug":"proyecto-para-que-las-multas-por-infracciones-menores-sean-pagadas-con-alimentos-para-el-refugio-san-pedro","status":"publish","type":"post","link":"https:\/\/eldiariodesanpedro.com.ar\/sitio\/proyecto-para-que-las-multas-por-infracciones-menores-sean-pagadas-con-alimentos-para-el-refugio-san-pedro\/","title":{"rendered":"Proyecto para que las multas por infracciones menores sean pagadas con alimentos para el Refugio San Pedro"},"content":{"rendered":"<!-- VideographyWP Plugin Message: Automatic video embedding prevented by plugin options. -->\n\n<p>El concejal Diego Lafalce present\u00f3 un proyecto de Ordenanza en el que establece que el Municipio de San Pedro debe firmar un convenio con el Refugio Animal.<\/p>\n\n\n\n<p>Dicho acuerdo consiste en que las multas por infracciones \u00abmenores&#8217; de tr\u00e1nsito sean destinadas a cubrir los gastos de la entidad.&nbsp;<\/p>\n\n\n\n<p>Em estos casos, las multas deber\u00e1n ser abonadas en alimento balanceado para perros por un monto equivalente.&nbsp;<\/p>\n\n\n\n<p>Tambi\u00e9n se aplicar\u00e1&nbsp; la misma metodolog\u00eda a los gastos de acarreo y aparcamiento.&nbsp;<\/p>\n\n\n\n<p>Las infracciones reguladas por el proyecto son: mal estacionamiento, conducir sin casco o sin cintur\u00f3n de seguridad, sin documentaci\u00f3n o usando auriculares. Tambi\u00e9n se aplicar\u00e1 a quienes no tengan comprobante de seguro o estacionen sobre una senda peatonal.&nbsp;<\/p>\n\n\n\n<p>El Refugio contar\u00e1, en caso de ser aprobada la norma, con un registro \u00fanico, numerado y con fecha para emitir comprobantes de pago.<\/p>\n","protected":false},"excerpt":{"rendered":"<p>El concejal Diego Lafalce present\u00f3 un proyecto de Ordenanza en el que establece que el Municipio de San Pedro debe firmar un convenio con el Refugio Animal. Dicho acuerdo consiste en que las multas por infracciones \u00abmenores&#8217; de tr\u00e1nsito sean destinadas a cubrir los gastos de la entidad.&nbsp; Em estos casos, las multas deber\u00e1n ser [&hellip;]<\/p>\n","protected":false},"author":4,"featured_media":45608,"comment_status":"closed","ping_status":"closed","sticky":false,"template":"","format":"standard","meta":{"om_disable_all_campaigns":false,"_jetpack_memberships_contains_paid_content":false,"footnotes":""},"categories":[50,101,2],"tags":[],"class_list":["post-125849","post","type-post","status-publish","format-standard","has-post-thumbnail","hentry","category-destacadas","category-interes-general-locales","category-locales"],"aioseo_notices":[],"gutentor_comment":0,"jetpack_featured_media_url":"https:\/\/eldiariodesanpedro.com.ar\/sitio\/wp-content\/uploads\/2019\/01\/35065626_102987720604826_2400423759644196864_n.jpg","jetpack_shortlink":"https:\/\/wp.me\/p6RhLt-wJP","jetpack_sharing_enabled":true,"_links":{"self":[{"href":"https:\/\/eldiariodesanpedro.com.ar\/sitio\/wp-json\/wp\/v2\/posts\/125849","targetHints":{"allow":["GET"]}}],"collection":[{"href":"https:\/\/eldiariodesanpedro.com.ar\/sitio\/wp-json\/wp\/v2\/posts"}],"about":[{"href":"https:\/\/eldiariodesanpedro.com.ar\/sitio\/wp-json\/wp\/v2\/types\/post"}],"author":[{"embeddable":true,"href":"https:\/\/eldiariodesanpedro.com.ar\/sitio\/wp-json\/wp\/v2\/users\/4"}],"replies":[{"embeddable":true,"href":"https:\/\/eldiariodesanpedro.com.ar\/sitio\/wp-json\/wp\/v2\/comments?post=125849"}],"version-history":[{"count":1,"href":"https:\/\/eldiariodesanpedro.com.ar\/sitio\/wp-json\/wp\/v2\/posts\/125849\/revisions"}],"predecessor-version":[{"id":125850,"href":"https:\/\/eldiariodesanpedro.com.ar\/sitio\/wp-json\/wp\/v2\/posts\/125849\/revisions\/125850"}],"wp:featuredmedia":[{"embeddable":true,"href":"https:\/\/eldiariodesanpedro.com.ar\/sitio\/wp-json\/wp\/v2\/media\/45608"}],"wp:attachment":[{"href":"https:\/\/eldiariodesanpedro.com.ar\/sitio\/wp-json\/wp\/v2\/media?parent=125849"}],"wp:term":[{"taxonomy":"category","embeddable":true,"href":"https:\/\/eldiariodesanpedro.com.ar\/sitio\/wp-json\/wp\/v2\/categories?post=125849"},{"taxonomy":"post_tag","embeddable":true,"href":"https:\/\/eldiariodesanpedro.com.ar\/sitio\/wp-json\/wp\/v2\/tags?post=125849"}],"curies":[{"name":"wp","href":"https:\/\/api.w.org\/{rel}","templated":true}]}}