{"id":125836,"date":"2024-02-06T10:35:09","date_gmt":"2024-02-06T13:35:09","guid":{"rendered":"https:\/\/eldiariodesanpedro.com.ar\/sitio\/?p=125836"},"modified":"2024-02-06T10:35:11","modified_gmt":"2024-02-06T13:35:11","slug":"presentacion-del-libro-de-ignacio-czepulis-conte-inaugura-actividades-culturales-en-la-biblioteca-rafael-obligado","status":"publish","type":"post","link":"https:\/\/eldiariodesanpedro.com.ar\/sitio\/presentacion-del-libro-de-ignacio-czepulis-conte-inaugura-actividades-culturales-en-la-biblioteca-rafael-obligado\/","title":{"rendered":"Presentaci\u00f3n del libro de Ignacio Czepulis Conte inaugura actividades culturales en la Biblioteca Rafael Obligado"},"content":{"rendered":"<!-- VideographyWP Plugin Message: Automatic video embedding prevented by plugin options. -->\n\n<p>El viernes 9 de febrero, la Biblioteca Popular Rafael Obligado inaugurar\u00e1 su calendario de actividades de extensi\u00f3n cultural con la presentaci\u00f3n del libro de Ignacio Czepulis Conte. El evento est\u00e1 programado para las 20:00 horas y contar\u00e1 con entrada gratuita, adem\u00e1s de una alcanc\u00eda disponible para colaboraciones.<\/p>\n\n\n\n<p>Ignacio Czepulis Conte, nacido el 19 de abril de 2008, es un joven escritor y estudiante de 4\u00ba a\u00f1o de secundaria con una pasi\u00f3n por la literatura. Su primera novela, \u00abJaiden Clarke y la espada del sol\u00bb, publicada por Arenz &amp; Antich, es una historia de fantas\u00eda que sigue las aventuras de Jaiden Clarke en un universo m\u00e1gico y cambiante. La obra, escrita por Ignacio a los 15 a\u00f1os, ha sido elogiada por su prosa inmersiva que sumerge a los lectores en un mundo lleno de magia y emoci\u00f3n.<\/p>\n","protected":false},"excerpt":{"rendered":"<p>El viernes 9 de febrero, la Biblioteca Popular Rafael Obligado inaugurar\u00e1 su calendario de actividades de extensi\u00f3n cultural con la presentaci\u00f3n del libro de Ignacio Czepulis Conte. El evento est\u00e1 programado para las 20:00 horas y contar\u00e1 con entrada gratuita, adem\u00e1s de una alcanc\u00eda disponible para colaboraciones. Ignacio Czepulis Conte, nacido el 19 de abril [&hellip;]<\/p>\n","protected":false},"author":4,"featured_media":125837,"comment_status":"closed","ping_status":"closed","sticky":false,"template":"","format":"standard","meta":{"om_disable_all_campaigns":false,"_jetpack_memberships_contains_paid_content":false,"footnotes":""},"categories":[101,2],"tags":[],"class_list":["post-125836","post","type-post","status-publish","format-standard","has-post-thumbnail","hentry","category-interes-general-locales","category-locales"],"aioseo_notices":[],"gutentor_comment":0,"jetpack_featured_media_url":"https:\/\/eldiariodesanpedro.com.ar\/sitio\/wp-content\/uploads\/2024\/02\/medida-9.jpg","jetpack_shortlink":"https:\/\/wp.me\/p6RhLt-wJC","jetpack_sharing_enabled":true,"_links":{"self":[{"href":"https:\/\/eldiariodesanpedro.com.ar\/sitio\/wp-json\/wp\/v2\/posts\/125836","targetHints":{"allow":["GET"]}}],"collection":[{"href":"https:\/\/eldiariodesanpedro.com.ar\/sitio\/wp-json\/wp\/v2\/posts"}],"about":[{"href":"https:\/\/eldiariodesanpedro.com.ar\/sitio\/wp-json\/wp\/v2\/types\/post"}],"author":[{"embeddable":true,"href":"https:\/\/eldiariodesanpedro.com.ar\/sitio\/wp-json\/wp\/v2\/users\/4"}],"replies":[{"embeddable":true,"href":"https:\/\/eldiariodesanpedro.com.ar\/sitio\/wp-json\/wp\/v2\/comments?post=125836"}],"version-history":[{"count":1,"href":"https:\/\/eldiariodesanpedro.com.ar\/sitio\/wp-json\/wp\/v2\/posts\/125836\/revisions"}],"predecessor-version":[{"id":125838,"href":"https:\/\/eldiariodesanpedro.com.ar\/sitio\/wp-json\/wp\/v2\/posts\/125836\/revisions\/125838"}],"wp:featuredmedia":[{"embeddable":true,"href":"https:\/\/eldiariodesanpedro.com.ar\/sitio\/wp-json\/wp\/v2\/media\/125837"}],"wp:attachment":[{"href":"https:\/\/eldiariodesanpedro.com.ar\/sitio\/wp-json\/wp\/v2\/media?parent=125836"}],"wp:term":[{"taxonomy":"category","embeddable":true,"href":"https:\/\/eldiariodesanpedro.com.ar\/sitio\/wp-json\/wp\/v2\/categories?post=125836"},{"taxonomy":"post_tag","embeddable":true,"href":"https:\/\/eldiariodesanpedro.com.ar\/sitio\/wp-json\/wp\/v2\/tags?post=125836"}],"curies":[{"name":"wp","href":"https:\/\/api.w.org\/{rel}","templated":true}]}}