{"id":125826,"date":"2024-02-06T09:16:55","date_gmt":"2024-02-06T12:16:55","guid":{"rendered":"https:\/\/eldiariodesanpedro.com.ar\/sitio\/?p=125826"},"modified":"2024-02-06T09:16:57","modified_gmt":"2024-02-06T12:16:57","slug":"edicto-de-sucesion-de-luis-alberto-lujan","status":"publish","type":"post","link":"https:\/\/eldiariodesanpedro.com.ar\/sitio\/edicto-de-sucesion-de-luis-alberto-lujan\/","title":{"rendered":"Edicto de sucesi\u00f3n de Luis Alberto Lujan"},"content":{"rendered":"<!-- VideographyWP Plugin Message: Automatic video embedding prevented by plugin options. -->\n\n<p>El Juzgado de Paz Letrado del Partido de San Pedro, cita y emplaza por treinta d\u00edas a herederos y acreedores de <strong>Luis Alberto Lujan<\/strong>. San Pedro, 01 de febrero de 2024.-<\/p>\n\n\n\n<p>FACUNDO VELL\u00d3N<br>ABOGADO SECRETARIO&nbsp;&nbsp;<\/p>\n\n\n\n<p>(Publicaci\u00f3n V\u00e1lida por los d\u00edas 06, 07 y 08 de febrero de 2024)<\/p>\n\n\n\n<p><a href=\"https:\/\/notificaciones.scba.gov.ar\/verificarnotificacion.aspx?codNotif=6QJ0J8\">https:\/\/notificaciones.scba.gov.ar\/verificarnotificacion.aspx?codNotif=6QJ0J8<\/a><\/p>\n","protected":false},"excerpt":{"rendered":"<p>El Juzgado de Paz Letrado del Partido de San Pedro, cita y emplaza por treinta d\u00edas a herederos y acreedores de Luis Alberto Lujan. San Pedro, 01 de febrero de 2024.- FACUNDO VELL\u00d3NABOGADO SECRETARIO&nbsp;&nbsp; (Publicaci\u00f3n V\u00e1lida por los d\u00edas 06, 07 y 08 de febrero de 2024) https:\/\/notificaciones.scba.gov.ar\/verificarnotificacion.aspx?codNotif=6QJ0J8<\/p>\n","protected":false},"author":4,"featured_media":102746,"comment_status":"closed","ping_status":"closed","sticky":false,"template":"","format":"standard","meta":{"om_disable_all_campaigns":false,"_jetpack_memberships_contains_paid_content":false,"footnotes":""},"categories":[676,677],"tags":[4723],"class_list":["post-125826","post","type-post","status-publish","format-standard","has-post-thumbnail","hentry","category-edictos","category-edictos-sucesorios","tag-edicto-de-sucesion-de-luis-alberto-lujan"],"aioseo_notices":[],"gutentor_comment":0,"jetpack_featured_media_url":"https:\/\/eldiariodesanpedro.com.ar\/sitio\/wp-content\/uploads\/2022\/01\/EDICTO.jpg","jetpack_shortlink":"https:\/\/wp.me\/p6RhLt-wJs","jetpack_sharing_enabled":true,"_links":{"self":[{"href":"https:\/\/eldiariodesanpedro.com.ar\/sitio\/wp-json\/wp\/v2\/posts\/125826","targetHints":{"allow":["GET"]}}],"collection":[{"href":"https:\/\/eldiariodesanpedro.com.ar\/sitio\/wp-json\/wp\/v2\/posts"}],"about":[{"href":"https:\/\/eldiariodesanpedro.com.ar\/sitio\/wp-json\/wp\/v2\/types\/post"}],"author":[{"embeddable":true,"href":"https:\/\/eldiariodesanpedro.com.ar\/sitio\/wp-json\/wp\/v2\/users\/4"}],"replies":[{"embeddable":true,"href":"https:\/\/eldiariodesanpedro.com.ar\/sitio\/wp-json\/wp\/v2\/comments?post=125826"}],"version-history":[{"count":1,"href":"https:\/\/eldiariodesanpedro.com.ar\/sitio\/wp-json\/wp\/v2\/posts\/125826\/revisions"}],"predecessor-version":[{"id":125827,"href":"https:\/\/eldiariodesanpedro.com.ar\/sitio\/wp-json\/wp\/v2\/posts\/125826\/revisions\/125827"}],"wp:featuredmedia":[{"embeddable":true,"href":"https:\/\/eldiariodesanpedro.com.ar\/sitio\/wp-json\/wp\/v2\/media\/102746"}],"wp:attachment":[{"href":"https:\/\/eldiariodesanpedro.com.ar\/sitio\/wp-json\/wp\/v2\/media?parent=125826"}],"wp:term":[{"taxonomy":"category","embeddable":true,"href":"https:\/\/eldiariodesanpedro.com.ar\/sitio\/wp-json\/wp\/v2\/categories?post=125826"},{"taxonomy":"post_tag","embeddable":true,"href":"https:\/\/eldiariodesanpedro.com.ar\/sitio\/wp-json\/wp\/v2\/tags?post=125826"}],"curies":[{"name":"wp","href":"https:\/\/api.w.org\/{rel}","templated":true}]}}