{"id":125825,"date":"2024-02-06T10:20:01","date_gmt":"2024-02-06T13:20:01","guid":{"rendered":"https:\/\/eldiariodesanpedro.com.ar\/sitio\/?p=125825"},"modified":"2024-02-06T10:20:04","modified_gmt":"2024-02-06T13:20:04","slug":"inscripcion-para-aspirantes-a-bomberos-voluntarios-en-rio-tala","status":"publish","type":"post","link":"https:\/\/eldiariodesanpedro.com.ar\/sitio\/inscripcion-para-aspirantes-a-bomberos-voluntarios-en-rio-tala\/","title":{"rendered":"Inscripci\u00f3n para Aspirantes a Bomberos Voluntarios en R\u00edo Tala"},"content":{"rendered":"<!-- VideographyWP Plugin Message: Automatic video embedding prevented by plugin options. -->\n\n<p>Se llevar\u00e1 a cabo una campa\u00f1a de inscripci\u00f3n para aquellos interesados en formar parte del Cuerpo de Bomberos Voluntarios en R\u00edo Tala. La inscripci\u00f3n se realizar\u00e1 el jueves 8 de febrero de 10 a 12hs en la Radio \u00abLa Nueva Rep\u00fablica\u00bb, ubicada en Andr\u00e9s Est\u00e9ves 50, R\u00edo Tala.<\/p>\n\n\n\n<p>Es esencial contar con suficientes aspirantes para asegurar la creaci\u00f3n del cuartel de bomberos en R\u00edo Tala. En esta temporada de calor, la necesidad de un cuartel local se vuelve a\u00fan m\u00e1s evidente debido a los frecuentes incendios forestales en la zona. La falta de un cuartel local significa que los bomberos voluntarios de San Pedro deben desplazarse largas distancias para responder a emergencias, lo que resulta en retrasos significativos que podr\u00edan poner en peligro vidas y propiedades.<\/p>\n\n\n\n<p>La capacitaci\u00f3n para convertirse en bombero voluntario requiere personas comprometidas y solidarias dispuestas a invertir su tiempo despu\u00e9s del trabajo. Ser bombero voluntario es una oportunidad para contribuir al bienestar de la comunidad y se considera un orgullo para la sociedad. Si est\u00e1s interesado en formar parte de los Bomberos Voluntarios del Cuartel R\u00edo Tala, te esperamos el jueves 8 de febrero de 10 a 12hs en la Radio \u00abFm Nueva Republica 107.7\u00bb con tu planilla de inscripci\u00f3n y fotocopia de D.N.I. frente y dorso. No dejes pasar esta oportunidad de ser parte de un equipo comprometido con ayudar a la comunidad.<\/p>\n","protected":false},"excerpt":{"rendered":"<p>Se llevar\u00e1 a cabo una campa\u00f1a de inscripci\u00f3n para aquellos interesados en formar parte del Cuerpo de Bomberos Voluntarios en R\u00edo Tala. La inscripci\u00f3n se realizar\u00e1 el jueves 8 de febrero de 10 a 12hs en la Radio \u00abLa Nueva Rep\u00fablica\u00bb, ubicada en Andr\u00e9s Est\u00e9ves 50, R\u00edo Tala. Es esencial contar con suficientes aspirantes para [&hellip;]<\/p>\n","protected":false},"author":4,"featured_media":125834,"comment_status":"closed","ping_status":"closed","sticky":false,"template":"","format":"standard","meta":{"om_disable_all_campaigns":false,"_jetpack_memberships_contains_paid_content":false,"footnotes":""},"categories":[50,101,2],"tags":[],"class_list":["post-125825","post","type-post","status-publish","format-standard","has-post-thumbnail","hentry","category-destacadas","category-interes-general-locales","category-locales"],"aioseo_notices":[],"gutentor_comment":0,"jetpack_featured_media_url":"https:\/\/eldiariodesanpedro.com.ar\/sitio\/wp-content\/uploads\/2024\/02\/medida-8.jpg","jetpack_shortlink":"https:\/\/wp.me\/p6RhLt-wJr","jetpack_sharing_enabled":true,"_links":{"self":[{"href":"https:\/\/eldiariodesanpedro.com.ar\/sitio\/wp-json\/wp\/v2\/posts\/125825","targetHints":{"allow":["GET"]}}],"collection":[{"href":"https:\/\/eldiariodesanpedro.com.ar\/sitio\/wp-json\/wp\/v2\/posts"}],"about":[{"href":"https:\/\/eldiariodesanpedro.com.ar\/sitio\/wp-json\/wp\/v2\/types\/post"}],"author":[{"embeddable":true,"href":"https:\/\/eldiariodesanpedro.com.ar\/sitio\/wp-json\/wp\/v2\/users\/4"}],"replies":[{"embeddable":true,"href":"https:\/\/eldiariodesanpedro.com.ar\/sitio\/wp-json\/wp\/v2\/comments?post=125825"}],"version-history":[{"count":1,"href":"https:\/\/eldiariodesanpedro.com.ar\/sitio\/wp-json\/wp\/v2\/posts\/125825\/revisions"}],"predecessor-version":[{"id":125835,"href":"https:\/\/eldiariodesanpedro.com.ar\/sitio\/wp-json\/wp\/v2\/posts\/125825\/revisions\/125835"}],"wp:featuredmedia":[{"embeddable":true,"href":"https:\/\/eldiariodesanpedro.com.ar\/sitio\/wp-json\/wp\/v2\/media\/125834"}],"wp:attachment":[{"href":"https:\/\/eldiariodesanpedro.com.ar\/sitio\/wp-json\/wp\/v2\/media?parent=125825"}],"wp:term":[{"taxonomy":"category","embeddable":true,"href":"https:\/\/eldiariodesanpedro.com.ar\/sitio\/wp-json\/wp\/v2\/categories?post=125825"},{"taxonomy":"post_tag","embeddable":true,"href":"https:\/\/eldiariodesanpedro.com.ar\/sitio\/wp-json\/wp\/v2\/tags?post=125825"}],"curies":[{"name":"wp","href":"https:\/\/api.w.org\/{rel}","templated":true}]}}