{"id":125821,"date":"2024-02-05T16:45:29","date_gmt":"2024-02-05T19:45:29","guid":{"rendered":"https:\/\/eldiariodesanpedro.com.ar\/sitio\/?p=125821"},"modified":"2024-02-05T16:45:31","modified_gmt":"2024-02-05T19:45:31","slug":"cursos-del-programa-de-agentes-del-estado-2","status":"publish","type":"post","link":"https:\/\/eldiariodesanpedro.com.ar\/sitio\/cursos-del-programa-de-agentes-del-estado-2\/","title":{"rendered":"Cursos del Programa de Agentes del Estado"},"content":{"rendered":"<!-- VideographyWP Plugin Message: Automatic video embedding prevented by plugin options. -->\n\n<p>La Municipalidad de San Pedro, a trav\u00e9s de la Direcci\u00f3n de Educaci\u00f3n y Capacitaci\u00f3n informa que est\u00e1 abierta la inscripci\u00f3n a cursos abiertos de la \u201cEscuela de Econom\u00eda y Gesti\u00f3n para el Desarrollo Local\u201d para trabajadores y trabajadoras de los estados provincial y municipal. Dichos cursos cuentan con el aval y certificaci\u00f3n del IPAP (Instituto Provincial de la Administraci\u00f3n P\u00fablica).<\/p>\n\n\n\n<p>Para inscribirse a los cursos y capacitaciones dictados por la Escuela deber\u00e1 acceder con su usuario y contrase\u00f1a al Campus Virtual a trav\u00e9s del siguiente link: www.escuelamunicipal.economia.gba.gob.ar.<\/p>\n\n\n\n<p>Para quienes no posean usuario primero deber\u00e1n solicitar uno nuevo, utilizando el mismo link, desde \u201cNuevo Usuario\u201d.<br>Tutorial: www.escuelamunicipal.economia.gba.gob.ar\/tutoriales\/.<\/p>\n\n\n\n<p>Cursos:<\/p>\n\n\n\n<ul class=\"wp-block-list\">\n<li>Formaci\u00f3n en RAFAM \u2013 M\u00f3dulo presupuesto.<\/li>\n\n\n\n<li>Incluir municipios.<\/li>\n\n\n\n<li>Formaci\u00f3n en RAFAM \u2013 M\u00f3dulo contable.<\/li>\n\n\n\n<li>La exportaci\u00f3n de archivos TXT desde RAFAM como herramienta de an\u00e1lisis en el \u00e1mbito municipal.<\/li>\n\n\n\n<li>El flujo de fondos como herramienta de gesti\u00f3n en el \u00e1mbito municipal: conceptualizaci\u00f3n y pr\u00e1ctica.<\/li>\n\n\n\n<li>Introducci\u00f3n a los sistemas de informaci\u00f3n geogr\u00e1fica.<\/li>\n\n\n\n<li>Sensibilizaci\u00f3n en presupuestos con perspectiva de g\u00e9nero.<\/li>\n\n\n\n<li>Introducci\u00f3n a Excel para trabajadoras\/es municipales.<\/li>\n\n\n\n<li>Introducci\u00f3n a la estad\u00edstica.<\/li>\n\n\n\n<li>Introducci\u00f3n a la econom\u00eda.<\/li>\n<\/ul>\n\n\n\n<p>Modalidad: Virtual con docente a cargo.<\/p>\n","protected":false},"excerpt":{"rendered":"<p>La Municipalidad de San Pedro, a trav\u00e9s de la Direcci\u00f3n de Educaci\u00f3n y Capacitaci\u00f3n informa que est\u00e1 abierta la inscripci\u00f3n a cursos abiertos de la \u201cEscuela de Econom\u00eda y Gesti\u00f3n para el Desarrollo Local\u201d para trabajadores y trabajadoras de los estados provincial y municipal. Dichos cursos cuentan con el aval y certificaci\u00f3n del IPAP (Instituto [&hellip;]<\/p>\n","protected":false},"author":4,"featured_media":24356,"comment_status":"closed","ping_status":"closed","sticky":false,"template":"","format":"standard","meta":{"om_disable_all_campaigns":false,"_jetpack_memberships_contains_paid_content":false,"footnotes":""},"categories":[50,101,2],"tags":[197,33,19],"class_list":["post-125821","post","type-post","status-publish","format-standard","has-post-thumbnail","hentry","category-destacadas","category-interes-general-locales","category-locales","tag-buenos-aires","tag-locales","tag-san-pedro"],"aioseo_notices":[],"gutentor_comment":0,"jetpack_featured_media_url":"https:\/\/eldiariodesanpedro.com.ar\/sitio\/wp-content\/uploads\/2017\/10\/Los-trabajadores-de-redes-de-COOPSER-reciben-un-curso-de-TCT-.jpg","jetpack_shortlink":"https:\/\/wp.me\/p6RhLt-wJn","jetpack_sharing_enabled":true,"_links":{"self":[{"href":"https:\/\/eldiariodesanpedro.com.ar\/sitio\/wp-json\/wp\/v2\/posts\/125821","targetHints":{"allow":["GET"]}}],"collection":[{"href":"https:\/\/eldiariodesanpedro.com.ar\/sitio\/wp-json\/wp\/v2\/posts"}],"about":[{"href":"https:\/\/eldiariodesanpedro.com.ar\/sitio\/wp-json\/wp\/v2\/types\/post"}],"author":[{"embeddable":true,"href":"https:\/\/eldiariodesanpedro.com.ar\/sitio\/wp-json\/wp\/v2\/users\/4"}],"replies":[{"embeddable":true,"href":"https:\/\/eldiariodesanpedro.com.ar\/sitio\/wp-json\/wp\/v2\/comments?post=125821"}],"version-history":[{"count":1,"href":"https:\/\/eldiariodesanpedro.com.ar\/sitio\/wp-json\/wp\/v2\/posts\/125821\/revisions"}],"predecessor-version":[{"id":125822,"href":"https:\/\/eldiariodesanpedro.com.ar\/sitio\/wp-json\/wp\/v2\/posts\/125821\/revisions\/125822"}],"wp:featuredmedia":[{"embeddable":true,"href":"https:\/\/eldiariodesanpedro.com.ar\/sitio\/wp-json\/wp\/v2\/media\/24356"}],"wp:attachment":[{"href":"https:\/\/eldiariodesanpedro.com.ar\/sitio\/wp-json\/wp\/v2\/media?parent=125821"}],"wp:term":[{"taxonomy":"category","embeddable":true,"href":"https:\/\/eldiariodesanpedro.com.ar\/sitio\/wp-json\/wp\/v2\/categories?post=125821"},{"taxonomy":"post_tag","embeddable":true,"href":"https:\/\/eldiariodesanpedro.com.ar\/sitio\/wp-json\/wp\/v2\/tags?post=125821"}],"curies":[{"name":"wp","href":"https:\/\/api.w.org\/{rel}","templated":true}]}}