{"id":12582,"date":"2017-01-10T20:09:00","date_gmt":"2017-01-10T23:09:00","guid":{"rendered":"https:\/\/eldiariodesanpedro.com.ar\/sitio\/?p=12582"},"modified":"2017-01-10T20:09:00","modified_gmt":"2017-01-10T23:09:00","slug":"el-secretario-general-del-partido-socialista-de-san-pedro-participo-del-28-campamento-nacional-de-juventudes-socialistas-argentinas","status":"publish","type":"post","link":"https:\/\/eldiariodesanpedro.com.ar\/sitio\/el-secretario-general-del-partido-socialista-de-san-pedro-participo-del-28-campamento-nacional-de-juventudes-socialistas-argentinas\/","title":{"rendered":"El secretario general del Partido Socialista de San Pedro particip\u00f3 del 28\u00b0 Campamento Nacional de Juventudes Socialistas Argentinas"},"content":{"rendered":"<p><!-- VideographyWP Plugin Message: Automatic video embedding prevented by plugin options. --><br \/>\nTom\u00e1s Trotta estuvo presente durante los cuatro d\u00edas en el evento que tuvo lugar en el municipio ecotur\u00edstico de Yala, Jujuy, donde participaron m\u00e1s de mil j\u00f3venes.<\/p>\n<p>Destacando la elecci\u00f3n del lugar, la diputada nacional Alicia Ciciliani coment\u00f3 que \u201cel socialismo valora la importancia de debatir sobre pol\u00edticas en el interior del pa\u00eds porque no todo debe resolverse en Buenos Aires sino apuntar a una Argentina desarrollada e integrada\u201d. Cabe destacar que el municipio juje\u00f1o es gobernado por el socialista Santiago Tiz\u00f3n.<\/p>\n<p>El evento comenz\u00f3 el jueves con un ritual a la Pachamama dando paso as\u00ed a los talleres y paneles de debate. Algunas de las tem\u00e1ticas que se trataron en el encuentro son las desigualdades sociales y econ\u00f3micas de nuestro pa\u00eds, la diversidad sexual, la perspectiva de g\u00e9nero, las pr\u00e1cticas sustentables y la coyuntura pol\u00edtica de la Argentina en el marco de Latinoam\u00e9rica y el mundo.<\/p>\n<p>Junto a los J\u00f3venes Socialistas de todas las provincias, participaron de los debates referentes sindicales y de organizaciones sociales, periodistas y distintos pensadores. Adem\u00e1s, expusieron en distintos paneles los principales dirigentes socialistas, como el diputado nacional Hermes Binner, el gobernador de Santa Fe, Miguel Lifschitz, y el presidente del Partido Socialista Argentino y diputado provincial, Antonio Bonfatti. Este \u00faltimo expres\u00f3 sobre el evento: \u201cSi queremos que este proceso se lleve adelante, si queremos transformar la sociedad en un sentido nuevo, tenemos que hacerlo con la juventud. No alcanza con darle voz a los j\u00f3venes, hay que asumir sus cr\u00edticas\u201d.<\/p>\n","protected":false},"excerpt":{"rendered":"<p>Tom\u00e1s Trotta estuvo presente durante los cuatro d\u00edas en el evento que tuvo lugar en el municipio ecotur\u00edstico de Yala, Jujuy, donde participaron m\u00e1s de mil j\u00f3venes. Destacando la elecci\u00f3n del lugar, la diputada nacional Alicia Ciciliani coment\u00f3 que \u201cel socialismo valora la importancia de debatir sobre pol\u00edticas en el interior del pa\u00eds porque no [&hellip;]<\/p>\n","protected":false},"author":4,"featured_media":12583,"comment_status":"open","ping_status":"closed","sticky":false,"template":"","format":"standard","meta":{"om_disable_all_campaigns":false,"_jetpack_memberships_contains_paid_content":false,"footnotes":""},"categories":[2,102],"tags":[],"class_list":["post-12582","post","type-post","status-publish","format-standard","has-post-thumbnail","hentry","category-locales","category-politica-locales"],"aioseo_notices":[],"gutentor_comment":0,"jetpack_featured_media_url":"https:\/\/eldiariodesanpedro.com.ar\/sitio\/wp-content\/uploads\/2017\/01\/socialistas.jpg","jetpack_shortlink":"https:\/\/wp.me\/p6RhLt-3gW","jetpack_sharing_enabled":true,"_links":{"self":[{"href":"https:\/\/eldiariodesanpedro.com.ar\/sitio\/wp-json\/wp\/v2\/posts\/12582","targetHints":{"allow":["GET"]}}],"collection":[{"href":"https:\/\/eldiariodesanpedro.com.ar\/sitio\/wp-json\/wp\/v2\/posts"}],"about":[{"href":"https:\/\/eldiariodesanpedro.com.ar\/sitio\/wp-json\/wp\/v2\/types\/post"}],"author":[{"embeddable":true,"href":"https:\/\/eldiariodesanpedro.com.ar\/sitio\/wp-json\/wp\/v2\/users\/4"}],"replies":[{"embeddable":true,"href":"https:\/\/eldiariodesanpedro.com.ar\/sitio\/wp-json\/wp\/v2\/comments?post=12582"}],"version-history":[{"count":1,"href":"https:\/\/eldiariodesanpedro.com.ar\/sitio\/wp-json\/wp\/v2\/posts\/12582\/revisions"}],"predecessor-version":[{"id":12584,"href":"https:\/\/eldiariodesanpedro.com.ar\/sitio\/wp-json\/wp\/v2\/posts\/12582\/revisions\/12584"}],"wp:featuredmedia":[{"embeddable":true,"href":"https:\/\/eldiariodesanpedro.com.ar\/sitio\/wp-json\/wp\/v2\/media\/12583"}],"wp:attachment":[{"href":"https:\/\/eldiariodesanpedro.com.ar\/sitio\/wp-json\/wp\/v2\/media?parent=12582"}],"wp:term":[{"taxonomy":"category","embeddable":true,"href":"https:\/\/eldiariodesanpedro.com.ar\/sitio\/wp-json\/wp\/v2\/categories?post=12582"},{"taxonomy":"post_tag","embeddable":true,"href":"https:\/\/eldiariodesanpedro.com.ar\/sitio\/wp-json\/wp\/v2\/tags?post=12582"}],"curies":[{"name":"wp","href":"https:\/\/api.w.org\/{rel}","templated":true}]}}