{"id":12579,"date":"2017-01-10T20:06:57","date_gmt":"2017-01-10T23:06:57","guid":{"rendered":"https:\/\/eldiariodesanpedro.com.ar\/sitio\/?p=12579"},"modified":"2026-01-24T00:39:13","modified_gmt":"2026-01-24T03:39:13","slug":"manu-ginobili-le-envio-un-video-a-francisco-lopez","status":"publish","type":"post","link":"https:\/\/eldiariodesanpedro.com.ar\/sitio\/manu-ginobili-le-envio-un-video-a-francisco-lopez\/","title":{"rendered":"Manu Gin\u00f3bili le envi\u00f3 un video a Francisco L\u00f3pez"},"content":{"rendered":"<p><!-- VideographyWP Plugin Message: Automatic video embedding prevented by plugin options. --><br \/>\nLa estrella argentina de la NBA le envi\u00f3 un mensaje al joven sampedrino de 20 a\u00f1os que se encuentra en delicado estado de salud, tras lesionarse gravemente el pasado 30 de diciembre en la previa del Club N\u00e1utico.<\/p>\n<p>A trav\u00e9s de un video el basquetbolista, expres\u00f3: \u201cMe enter\u00e9 que no est\u00e1s pasando por un gran momento, tuviste un accidente y solo te dejo un mensaje para saludarte y desearte que tengas much\u00edsima suerte. Esto va a pasar, te vas a recuperar y te vas a volver m\u00e1s fuerte que antes, as\u00ed que te mando un abrazo, fuerza y hasta muy pronto\u201d.<\/p>\n<p>Cabe recordar que Francisco se encuentra internado Sanatorio Las Lomas de la localidad de San Isidro, y sali\u00f3 de terapia intensiva con signos de evoluci\u00f3n.<\/p>\n<p>Cabe recordar que el joven se arroj\u00f3 al r\u00edo en una de las playas del Club N\u00e1utico y golpe\u00f3 la cabeza contra la arena. Esto le provoc\u00f3 un traumatismo sobre una de las v\u00e9rtebras. Durante el fin de semana fue intervenido quir\u00fargicamente en dos oportunidades: la primera fue la m\u00e1s riesgosa, se le retir\u00f3 la v\u00e9rtebra que estaba oprimiendo la m\u00e9dula y en la segundo se la restituy\u00f3. Su estado es delicado, pero evoluciona favorablemente.<\/p>\n","protected":false},"excerpt":{"rendered":"<p>La estrella argentina de la NBA le envi\u00f3 un mensaje al joven sampedrino de 20 a\u00f1os que se encuentra en delicado estado de salud, tras lesionarse gravemente el pasado 30 de diciembre en la previa del Club N\u00e1utico. A trav\u00e9s de un video el basquetbolista, expres\u00f3: \u201cMe enter\u00e9 que no est\u00e1s pasando por un gran [&hellip;]<\/p>\n","protected":false},"author":4,"featured_media":12580,"comment_status":"open","ping_status":"closed","sticky":false,"template":"","format":"standard","meta":{"om_disable_all_campaigns":false,"_jetpack_memberships_contains_paid_content":false,"footnotes":""},"categories":[2],"tags":[],"class_list":["post-12579","post","type-post","status-publish","format-standard","has-post-thumbnail","hentry","category-locales"],"aioseo_notices":[],"gutentor_comment":0,"jetpack_featured_media_url":"https:\/\/eldiariodesanpedro.com.ar\/sitio\/wp-content\/uploads\/2017\/01\/Esto-va-a-pasar-te-vas-a-recuperar-dijo-Gin\u00f3bili-a-Francisco.jpg","jetpack_shortlink":"https:\/\/wp.me\/p6RhLt-3gT","jetpack_sharing_enabled":true,"_links":{"self":[{"href":"https:\/\/eldiariodesanpedro.com.ar\/sitio\/wp-json\/wp\/v2\/posts\/12579","targetHints":{"allow":["GET"]}}],"collection":[{"href":"https:\/\/eldiariodesanpedro.com.ar\/sitio\/wp-json\/wp\/v2\/posts"}],"about":[{"href":"https:\/\/eldiariodesanpedro.com.ar\/sitio\/wp-json\/wp\/v2\/types\/post"}],"author":[{"embeddable":true,"href":"https:\/\/eldiariodesanpedro.com.ar\/sitio\/wp-json\/wp\/v2\/users\/4"}],"replies":[{"embeddable":true,"href":"https:\/\/eldiariodesanpedro.com.ar\/sitio\/wp-json\/wp\/v2\/comments?post=12579"}],"version-history":[{"count":1,"href":"https:\/\/eldiariodesanpedro.com.ar\/sitio\/wp-json\/wp\/v2\/posts\/12579\/revisions"}],"predecessor-version":[{"id":12581,"href":"https:\/\/eldiariodesanpedro.com.ar\/sitio\/wp-json\/wp\/v2\/posts\/12579\/revisions\/12581"}],"wp:featuredmedia":[{"embeddable":true,"href":"https:\/\/eldiariodesanpedro.com.ar\/sitio\/wp-json\/wp\/v2\/media\/12580"}],"wp:attachment":[{"href":"https:\/\/eldiariodesanpedro.com.ar\/sitio\/wp-json\/wp\/v2\/media?parent=12579"}],"wp:term":[{"taxonomy":"category","embeddable":true,"href":"https:\/\/eldiariodesanpedro.com.ar\/sitio\/wp-json\/wp\/v2\/categories?post=12579"},{"taxonomy":"post_tag","embeddable":true,"href":"https:\/\/eldiariodesanpedro.com.ar\/sitio\/wp-json\/wp\/v2\/tags?post=12579"}],"curies":[{"name":"wp","href":"https:\/\/api.w.org\/{rel}","templated":true}]}}