{"id":12576,"date":"2017-01-10T19:55:32","date_gmt":"2017-01-10T22:55:32","guid":{"rendered":"https:\/\/eldiariodesanpedro.com.ar\/sitio\/?p=12576"},"modified":"2017-01-10T19:55:32","modified_gmt":"2017-01-10T22:55:32","slug":"cerca-de-50-muertos-en-serie-de-atentados-en-afganistan","status":"publish","type":"post","link":"https:\/\/eldiariodesanpedro.com.ar\/sitio\/cerca-de-50-muertos-en-serie-de-atentados-en-afganistan\/","title":{"rendered":"Cerca de 50 muertos en serie de atentados en Afganist\u00e1n"},"content":{"rendered":"<p><!-- VideographyWP Plugin Message: Automatic video embedding prevented by plugin options. --><br \/>\n(NA) &#8211; Cerca de 50 muertos y un centenar de heridos fue el saldo de una serie de atentados el martes en tres diferentes ciudades afganas, entre ellas la capital Kabul, escenario de un ataque contra un anexo del Parlamento, reivindicado por los talibanes.<\/p>\n<p>   Al menos \u00ab30 muertos y 80 heridos\u00bb se registraron en la capital en el doble atentado perpetrado por un kamikaze a pie que se hizo detonar al lado de un bus que esperaba a los empleados del legislativo a la hora de salida del trabajo y poco despu\u00e9s por un coche bomba.<\/p>\n<p>   \u00abEl balance se puede agravar dado que algunos heridos se encuentran en estado cr\u00edtico\u00bb, dijo a la AFP una fuente del ministerio de Salud.<\/p>\n<p>   Una fuente de los servicios de seguridad afirm\u00f3 por su parte que entre los muertos figuraban \u00abcuatro polic\u00edas\u00bb, en su mayor\u00eda miembros de los servicios de inteligencia afganos.<\/p>\n<p>   Los insurgentes talibanes reivindicaron inmediatamente estas dos explosiones.<\/p>\n<p>   El portavoz talib\u00e1n Zabihul\u00e1 Muyahid asegur\u00f3 que las explosiones ten\u00edan como objetivo un veh\u00edculo perteneciente a la principal agencia de inteligencia de Afganist\u00e1n.<\/p>\n<p>   Un guardia de seguridad del edificio, identificado como Zabi y que result\u00f3 herido, explic\u00f3 a la AFP que el primer atentado fue obra de un kamikaze. \u00abSe acerc\u00f3 a pie a los empleados que sal\u00edan de las oficinas e hizo estallar su carga entre la multitud\u00bb, afirm\u00f3.<\/p>\n<p>   \u00abLa segunda explosi\u00f3n fue un coche bomba, que estaba aparcado al otro lado de la carretera y que me arroj\u00f3 hacia atr\u00e1s cuando deton\u00f3\u00bb, agreg\u00f3.<\/p>\n<p>   Se trataba de un todoterreno que qued\u00f3 totalmente destruido, comprob\u00f3 un fot\u00f3grafo de la AFP en el lugar, que presenci\u00f3 escenas de devastaci\u00f3n: zapatos cubiertos de sangre y escombros, un edificio en llamas.<\/p>\n<p>   La mayor\u00eda de las v\u00edctimas son civiles y entre ellos empleados del parlamento, declar\u00f3 a la AFP un responsable de seguridad que pidi\u00f3 el anonimato.<\/p>\n<p><strong> Otros atentados en el interior <\/strong><\/p>\n<p>   Ayer por la ma\u00f1ana, un kamikaze mat\u00f3 a siete personas al hacerse estallar en Lashkar Gah, la capital de la vol\u00e1til provincia de Helmand, en el sur del pa\u00eds, inform\u00f3 el jefe de la polic\u00eda local.<\/p>\n<p>   Y por la noche doce personas murieron en un atentado contra residencia del gobernador de Kandahar (sur). Resultaron heridos el gobernador y el embajador de Emiratos \u00c1rabes Unidos, dijo a la AFP el jefe de polic\u00eda local, Abdul Raziq.<\/p>\n<p>   Reiterados intentos para lanzar negociaciones con los talibanes fracasaron recientemente y se espera que tras el invierno comience una nueva temporada de violentos enfrentamientos. <\/p>\n<p>   Estos ataques incrementan la preocupaci\u00f3n sobre la creciente situaci\u00f3n de inseguridad en Afganist\u00e1n, donde unos 10.000 soldados estadounidenses ayudan a las fuerzas afganas a combatir a los insurgentes talibanes, adem\u00e1s de a los combatientes de las organizaciones yihadistas Al Qaida y Estado Isl\u00e1mico. <\/p>\n<p>   Afganist\u00e1n aplaudi\u00f3 la semana pasada la decisi\u00f3n del Pent\u00e1gono de desplegar m\u00e1s de 300 marines en Helmand, donde las tropas norteamericanas hab\u00edan participado en intensos combates hasta que su misi\u00f3n finaliz\u00f3 en 2014.<\/p>\n<p>   Los marines llegar\u00e1n a esa regi\u00f3n productora de opio la pr\u00f3xima primavera boreal para cooperar con una misi\u00f3n dirigida por la OTAN en el entrenamiento de fuerzas afganas. Esta ayuda es considerada como una muestra m\u00e1s de que las fuerzas extranjeras est\u00e1n regresando crecientemente al pa\u00eds a medida que el conflicto se agrava.<\/p>\n<p>   Afganist\u00e1n mereci\u00f3 apenas una breve menci\u00f3n en la agria campa\u00f1a presidencial estadounidense entre Donald Trump y Hillary Clinton, pese a que la situaci\u00f3n en este pa\u00eds azotado por la guerra ser\u00e1 uno de los temas m\u00e1s urgentes para el nuevo inquilino de la Casa Blanca.<\/p>\n<p>   Trump, que tomar\u00e1 sus funciones en Washington el 20 de enero, ha dado pocos detalles sobre su futura pol\u00edtica exterior y a\u00fan menos sobre c\u00f3mo piensa abordar la guerra en Afganist\u00e1n.<\/p>\n","protected":false},"excerpt":{"rendered":"<p>(NA) &#8211; Cerca de 50 muertos y un centenar de heridos fue el saldo de una serie de atentados el martes en tres diferentes ciudades afganas, entre ellas la capital Kabul, escenario de un ataque contra un anexo del Parlamento, reivindicado por los talibanes. Al menos \u00ab30 muertos y 80 heridos\u00bb se registraron en la [&hellip;]<\/p>\n","protected":false},"author":4,"featured_media":12577,"comment_status":"open","ping_status":"closed","sticky":false,"template":"","format":"standard","meta":{"om_disable_all_campaigns":false,"_jetpack_memberships_contains_paid_content":false,"footnotes":""},"categories":[2],"tags":[],"class_list":["post-12576","post","type-post","status-publish","format-standard","has-post-thumbnail","hentry","category-locales"],"aioseo_notices":[],"gutentor_comment":0,"jetpack_featured_media_url":"https:\/\/eldiariodesanpedro.com.ar\/sitio\/wp-content\/uploads\/2017\/01\/Afganist\u00e1n.jpg","jetpack_shortlink":"https:\/\/wp.me\/p6RhLt-3gQ","jetpack_sharing_enabled":true,"_links":{"self":[{"href":"https:\/\/eldiariodesanpedro.com.ar\/sitio\/wp-json\/wp\/v2\/posts\/12576","targetHints":{"allow":["GET"]}}],"collection":[{"href":"https:\/\/eldiariodesanpedro.com.ar\/sitio\/wp-json\/wp\/v2\/posts"}],"about":[{"href":"https:\/\/eldiariodesanpedro.com.ar\/sitio\/wp-json\/wp\/v2\/types\/post"}],"author":[{"embeddable":true,"href":"https:\/\/eldiariodesanpedro.com.ar\/sitio\/wp-json\/wp\/v2\/users\/4"}],"replies":[{"embeddable":true,"href":"https:\/\/eldiariodesanpedro.com.ar\/sitio\/wp-json\/wp\/v2\/comments?post=12576"}],"version-history":[{"count":1,"href":"https:\/\/eldiariodesanpedro.com.ar\/sitio\/wp-json\/wp\/v2\/posts\/12576\/revisions"}],"predecessor-version":[{"id":12578,"href":"https:\/\/eldiariodesanpedro.com.ar\/sitio\/wp-json\/wp\/v2\/posts\/12576\/revisions\/12578"}],"wp:featuredmedia":[{"embeddable":true,"href":"https:\/\/eldiariodesanpedro.com.ar\/sitio\/wp-json\/wp\/v2\/media\/12577"}],"wp:attachment":[{"href":"https:\/\/eldiariodesanpedro.com.ar\/sitio\/wp-json\/wp\/v2\/media?parent=12576"}],"wp:term":[{"taxonomy":"category","embeddable":true,"href":"https:\/\/eldiariodesanpedro.com.ar\/sitio\/wp-json\/wp\/v2\/categories?post=12576"},{"taxonomy":"post_tag","embeddable":true,"href":"https:\/\/eldiariodesanpedro.com.ar\/sitio\/wp-json\/wp\/v2\/tags?post=12576"}],"curies":[{"name":"wp","href":"https:\/\/api.w.org\/{rel}","templated":true}]}}