{"id":12573,"date":"2017-01-10T19:52:56","date_gmt":"2017-01-10T22:52:56","guid":{"rendered":"https:\/\/eldiariodesanpedro.com.ar\/sitio\/?p=12573"},"modified":"2017-01-10T19:52:56","modified_gmt":"2017-01-10T22:52:56","slug":"maduro-acuso-a-la-mayoria-del-parlamento-de-haber-llamado-a-un-golpe-de-estado","status":"publish","type":"post","link":"https:\/\/eldiariodesanpedro.com.ar\/sitio\/maduro-acuso-a-la-mayoria-del-parlamento-de-haber-llamado-a-un-golpe-de-estado\/","title":{"rendered":"Maduro acus\u00f3 a la mayor\u00eda del Parlamento de haber llamado a un \u00abgolpe de estado\u00bb"},"content":{"rendered":"<p><!-- VideographyWP Plugin Message: Automatic video embedding prevented by plugin options. --><br \/>\n(T\u00e9lam) &#8211; El presidente venezolano, Nicol\u00e1s Maduro, afirm\u00f3 que la mayor\u00eda opositora en la Asamblea Nacional (parlamento) \u00abaprob\u00f3 ayer (por el lunes) un manifiesto golpista\u00bb al declarar que el mandatario incurri\u00f3 en \u00ababandono del cargo\u00bb, figura que es causal de destituci\u00f3n de acuerdo con la Constituci\u00f3n.<\/p>\n<p>   \u00abComo presidente pido a los poderes p\u00fablicos que no deben quedar impunes las violaciones a la Constituci\u00f3n y los desacatos al orden legal; la Asamblea Nacional aprob\u00f3 ayer (el lunes) un manifiesto golpista\u00bb, dijo Maduro en un mensaje transmitido por la cadena obligatoria de radio y televisi\u00f3n.<\/p>\n<p>   \u00abAt\u00e9nganse a las consecuencias del llamado a golpe de estado que la pandilla aprob\u00f3 ayer en la Asamblea, una pandilla que secuestr\u00f3 la Asamblea y que usa los recintos de la Asamblea en desacato a la ley para promover un golpe de estado\u00bb, agreg\u00f3, seg\u00fan reportaron los diarios El Nacional y El Universal.<\/p>\n<p>   Maduro hizo esas declaraciones en el aeropuerto internacional de Maiquet\u00eda, antes de partir hacia Managua para asistir a la nueva asunci\u00f3n del presidente reelecto de Nicaragua, Daniel Ortega, y tras haber tomado juramento a los miembros del \u00abcomando antigolpe\u00bb que cre\u00f3 d\u00edas atr\u00e1s.<\/p>\n<p>   La Asamblea aprob\u00f3 el lunes, con el voto favorable de la oposici\u00f3n y la ausencia del chavismo, una declaraci\u00f3n que sostiene que Maduro hizo \u00ababandono del cargo\u00bb y reclama el llamado anticipado a elecciones para designar un nuevo gobierno.<\/p>\n<p>   El art\u00edculo 233 de la Constituci\u00f3n enumera las causas por las cuales puede considerarse \u00abfalta absoluta\u00bb del presidente y entre ellas cita \u00abel abandono del cargo, declarado como tal por la Asamblea Nacional\u00bb.<\/p>\n<p>   Horas antes de la votaci\u00f3n en la Asamblea, el Tribunal Supremo de Justicia (TSJ) record\u00f3 en un comunicado que el 15 de noviembre pasado su Sala Constitucional \u00aborden\u00f3\u00bb a los diputados \u00ababstenerse de continuar el procedimiento de declaratoria de responsabilidad pol\u00edtica contra el presidente de la rep\u00fablica\u00bb.<\/p>\n<p>   Desde que el 5 de enero de 2016 asumieron los diputados electos un mes antes y la Asamblea qued\u00f3 bajo holgado control de la oposici\u00f3n, en un hecho in\u00e9dito para cualquiera de los cinco poderes p\u00fablicos desde el advenimiento del chavismo al gobierno, a comienzos de 1999, se desat\u00f3 un conflicto institucional.<\/p>\n<p>   El chavismo ech\u00f3 mano de su control del TSJ, que a lo largo del a\u00f1o pasado emiti\u00f3 m\u00e1s de 40 fallos y resoluciones que tacharon de inconstitucionales las leyes sancionadas por el parlamento e incluso declar\u00f3 nulo todo el accionar del Legislativo.<\/p>\n<p>   El l\u00edder opositor Henrique Capriles afirm\u00f3 este martes que \u00abel TSJ solo sirve para defender a Maduro y su c\u00fapula\u00bb, que \u00abtienen secuestradas las instituciones\u00bb pues \u00abno les dio la gana de hacer el revocatorio, tampoco de ir a elecciones regionales\u00bb y \u00abdefinitivamente no quieren hacer m\u00e1s elecciones en el pa\u00eds\u00bb.<\/p>\n<p>   El gobierno, a trav\u00e9s de su control del Consejo Nacional Electoral (CNE), posterg\u00f3 hasta mediados de este a\u00f1o las elecciones de gobernadores que debieron realizarse en diciembre pasado y, tras dilatar su tr\u00e1mite incluso mediante la imposici\u00f3n de requisitos extraconstitucionales, deneg\u00f3 la posibilidad de efectuar un referendo revocatorio del mandato de Maduro.<\/p>\n<p>   En ese contexto, ayer se cumpli\u00f3 el cuarto a\u00f1o del actual mandato presidencial de seis. Seg\u00fan la carta magna, si la Presidencia queda vacante dentro de los primeros cuatro a\u00f1os, debe llamarse inmediatamente a elecciones; en cambio, si sucede en los dos \u00faltimos, el per\u00edodo debe ser completado por el vicepresidente ejecutivo.<\/p>\n","protected":false},"excerpt":{"rendered":"<p>(T\u00e9lam) &#8211; El presidente venezolano, Nicol\u00e1s Maduro, afirm\u00f3 que la mayor\u00eda opositora en la Asamblea Nacional (parlamento) \u00abaprob\u00f3 ayer (por el lunes) un manifiesto golpista\u00bb al declarar que el mandatario incurri\u00f3 en \u00ababandono del cargo\u00bb, figura que es causal de destituci\u00f3n de acuerdo con la Constituci\u00f3n. \u00abComo presidente pido a los poderes p\u00fablicos que no [&hellip;]<\/p>\n","protected":false},"author":4,"featured_media":12574,"comment_status":"open","ping_status":"closed","sticky":false,"template":"","format":"standard","meta":{"om_disable_all_campaigns":false,"_jetpack_memberships_contains_paid_content":false,"footnotes":""},"categories":[2],"tags":[],"class_list":["post-12573","post","type-post","status-publish","format-standard","has-post-thumbnail","hentry","category-locales"],"aioseo_notices":[],"gutentor_comment":0,"jetpack_featured_media_url":"https:\/\/eldiariodesanpedro.com.ar\/sitio\/wp-content\/uploads\/2017\/01\/Venezuela.jpg","jetpack_shortlink":"https:\/\/wp.me\/p6RhLt-3gN","jetpack_sharing_enabled":true,"_links":{"self":[{"href":"https:\/\/eldiariodesanpedro.com.ar\/sitio\/wp-json\/wp\/v2\/posts\/12573","targetHints":{"allow":["GET"]}}],"collection":[{"href":"https:\/\/eldiariodesanpedro.com.ar\/sitio\/wp-json\/wp\/v2\/posts"}],"about":[{"href":"https:\/\/eldiariodesanpedro.com.ar\/sitio\/wp-json\/wp\/v2\/types\/post"}],"author":[{"embeddable":true,"href":"https:\/\/eldiariodesanpedro.com.ar\/sitio\/wp-json\/wp\/v2\/users\/4"}],"replies":[{"embeddable":true,"href":"https:\/\/eldiariodesanpedro.com.ar\/sitio\/wp-json\/wp\/v2\/comments?post=12573"}],"version-history":[{"count":1,"href":"https:\/\/eldiariodesanpedro.com.ar\/sitio\/wp-json\/wp\/v2\/posts\/12573\/revisions"}],"predecessor-version":[{"id":12575,"href":"https:\/\/eldiariodesanpedro.com.ar\/sitio\/wp-json\/wp\/v2\/posts\/12573\/revisions\/12575"}],"wp:featuredmedia":[{"embeddable":true,"href":"https:\/\/eldiariodesanpedro.com.ar\/sitio\/wp-json\/wp\/v2\/media\/12574"}],"wp:attachment":[{"href":"https:\/\/eldiariodesanpedro.com.ar\/sitio\/wp-json\/wp\/v2\/media?parent=12573"}],"wp:term":[{"taxonomy":"category","embeddable":true,"href":"https:\/\/eldiariodesanpedro.com.ar\/sitio\/wp-json\/wp\/v2\/categories?post=12573"},{"taxonomy":"post_tag","embeddable":true,"href":"https:\/\/eldiariodesanpedro.com.ar\/sitio\/wp-json\/wp\/v2\/tags?post=12573"}],"curies":[{"name":"wp","href":"https:\/\/api.w.org\/{rel}","templated":true}]}}