{"id":12566,"date":"2017-01-10T19:25:21","date_gmt":"2017-01-10T22:25:21","guid":{"rendered":"https:\/\/eldiariodesanpedro.com.ar\/sitio\/?p=12566"},"modified":"2017-01-10T19:25:21","modified_gmt":"2017-01-10T22:25:21","slug":"vidal-inauguro-el-nuevo-puente-el-taurita","status":"publish","type":"post","link":"https:\/\/eldiariodesanpedro.com.ar\/sitio\/vidal-inauguro-el-nuevo-puente-el-taurita\/","title":{"rendered":"Vidal inaugur\u00f3 el nuevo puente \u00abEl Taurita\u00bb"},"content":{"rendered":"<p><!-- VideographyWP Plugin Message: Automatic video embedding prevented by plugin options. --><br \/>\n La gobernadora de la provincia de Buenos Aires, Mar\u00eda Eugenia Vidal, inaugur\u00f3 el nuevo puente \u00abEl Taurita\u00bb del partido bonaerense de Tigre, que permitir\u00e1 a peatones y veh\u00edculos cruzar el r\u00edo Reconquista.<\/p>\n<p>   Vidal encabez\u00f3 el acto oficial acompa\u00f1ada por el vicegobernador, Daniel Salvador; los subsecretarios de Asuntos Municipales, Alex Campbell; y de Infraestructura Hidr\u00e1ulica, Rodrigo Silvosa; los intendentes de Tigre, Julio Zamora; y de San Fernando, Luis Andreotti; y los dirigentes locales Segundo Cernadas y Agustina Ciarletta.<\/p>\n<p>   El nuevo puente une la localidad de El Talar, en Tigre, con el vecino partido de San Fernando, lo que beneficiar\u00e1 diariamente a unos 500 mil vecinos. <\/p>\n<p>   La obra reactivada en mayo de 2016 por el Ministerio de Infraestructura de la Provincia se enmarca dentro de una serie de mejoras y saneamiento socioambiental integral de todo el r\u00edo Reconquista, facilitando su correcta desembocadura en el r\u00edo Lujan; aliviando la situaci\u00f3n en los 13 municipios de la cuenca que lleva su nombre. <\/p>\n<p>   Con un monto de inversi\u00f3n aproximado de $ 57 millones, se limpi\u00f3 y profundiz\u00f3 el lecho del r\u00edo, pasando de 26 a 100 metros, lo que permite aumentar el caudal de agua y mejorar su circulaci\u00f3n. Asimismo, se ensanch\u00f3 a 52 metros el cauce del r\u00edo posibilitando la correcta salida de agua de Tigre desde las bombas N\u00ba 6 y N\u00ba 7, y de la estaci\u00f3n de bombeo N\u00ba 8 de San Fernando.<\/p>\n<p> <strong>Almuerzo con Macri<\/strong><\/p>\n<p>   La gobernadora de la provincia de Buenos Aires almorz\u00f3 este martes con el presidente Mauricio Macri, en cuyo transcurso analizaron los temas de gesti\u00f3n.<\/p>\n<p>   Si bien no trascendieron los temas abordados durante el almuerzo, se supo que pasaron por la gesti\u00f3n.<\/p>\n<p>   Vidal viene defendiendo p\u00fablicamente los $25 mil millones de pesos que le gir\u00f3 la Naci\u00f3n, se\u00f1alando que es la mitad de lo que le corresponde a la provincia de Buenos Aires.<\/p>\n","protected":false},"excerpt":{"rendered":"<p>La gobernadora de la provincia de Buenos Aires, Mar\u00eda Eugenia Vidal, inaugur\u00f3 el nuevo puente \u00abEl Taurita\u00bb del partido bonaerense de Tigre, que permitir\u00e1 a peatones y veh\u00edculos cruzar el r\u00edo Reconquista. Vidal encabez\u00f3 el acto oficial acompa\u00f1ada por el vicegobernador, Daniel Salvador; los subsecretarios de Asuntos Municipales, Alex Campbell; y de Infraestructura Hidr\u00e1ulica, Rodrigo [&hellip;]<\/p>\n","protected":false},"author":4,"featured_media":12567,"comment_status":"open","ping_status":"closed","sticky":false,"template":"","format":"standard","meta":{"om_disable_all_campaigns":false,"_jetpack_memberships_contains_paid_content":false,"footnotes":""},"categories":[3],"tags":[],"class_list":["post-12566","post","type-post","status-publish","format-standard","has-post-thumbnail","hentry","category-nacionales"],"aioseo_notices":[],"gutentor_comment":0,"jetpack_featured_media_url":"https:\/\/eldiariodesanpedro.com.ar\/sitio\/wp-content\/uploads\/2017\/01\/Vidal-1.jpg","jetpack_shortlink":"https:\/\/wp.me\/p6RhLt-3gG","jetpack_sharing_enabled":true,"_links":{"self":[{"href":"https:\/\/eldiariodesanpedro.com.ar\/sitio\/wp-json\/wp\/v2\/posts\/12566","targetHints":{"allow":["GET"]}}],"collection":[{"href":"https:\/\/eldiariodesanpedro.com.ar\/sitio\/wp-json\/wp\/v2\/posts"}],"about":[{"href":"https:\/\/eldiariodesanpedro.com.ar\/sitio\/wp-json\/wp\/v2\/types\/post"}],"author":[{"embeddable":true,"href":"https:\/\/eldiariodesanpedro.com.ar\/sitio\/wp-json\/wp\/v2\/users\/4"}],"replies":[{"embeddable":true,"href":"https:\/\/eldiariodesanpedro.com.ar\/sitio\/wp-json\/wp\/v2\/comments?post=12566"}],"version-history":[{"count":1,"href":"https:\/\/eldiariodesanpedro.com.ar\/sitio\/wp-json\/wp\/v2\/posts\/12566\/revisions"}],"predecessor-version":[{"id":12568,"href":"https:\/\/eldiariodesanpedro.com.ar\/sitio\/wp-json\/wp\/v2\/posts\/12566\/revisions\/12568"}],"wp:featuredmedia":[{"embeddable":true,"href":"https:\/\/eldiariodesanpedro.com.ar\/sitio\/wp-json\/wp\/v2\/media\/12567"}],"wp:attachment":[{"href":"https:\/\/eldiariodesanpedro.com.ar\/sitio\/wp-json\/wp\/v2\/media?parent=12566"}],"wp:term":[{"taxonomy":"category","embeddable":true,"href":"https:\/\/eldiariodesanpedro.com.ar\/sitio\/wp-json\/wp\/v2\/categories?post=12566"},{"taxonomy":"post_tag","embeddable":true,"href":"https:\/\/eldiariodesanpedro.com.ar\/sitio\/wp-json\/wp\/v2\/tags?post=12566"}],"curies":[{"name":"wp","href":"https:\/\/api.w.org\/{rel}","templated":true}]}}