{"id":12563,"date":"2017-01-10T19:23:28","date_gmt":"2017-01-10T22:23:28","guid":{"rendered":"https:\/\/eldiariodesanpedro.com.ar\/sitio\/?p=12563"},"modified":"2017-01-10T19:23:28","modified_gmt":"2017-01-10T22:23:28","slug":"la-cgt-cruzo-el-secretario-de-empleo-por-sus-dichos-sobre-el-mercado-laboral","status":"publish","type":"post","link":"https:\/\/eldiariodesanpedro.com.ar\/sitio\/la-cgt-cruzo-el-secretario-de-empleo-por-sus-dichos-sobre-el-mercado-laboral\/","title":{"rendered":"La CGT cruz\u00f3 el secretario de Empleo por sus dichos sobre el mercado laboral"},"content":{"rendered":"<p><!-- VideographyWP Plugin Message: Automatic video embedding prevented by plugin options. --><br \/>\n(NA) &#8211; Las autoridades de la CGT criticaron ayer al secretario de Empleo, Miguel \u00c1ngel Ponte, al afirmar que \u00abno es de persona seria\u00bb su declaraci\u00f3n sobre el mercado laboral y advirtieron que \u00abalgunos funcionarios de este Gobierno parecen no comprender la situaci\u00f3n de crisis del pa\u00eds\u00bb.<\/p>\n<p>   Juan Carlos Schmid y H\u00e9ctor Daer, quienes integran junto a Carlos Acu\u00f1a el triunvirato que conduce la CGT, salieron al cruce de los dichos de Ponte, quien manifest\u00f3 recientemente que \u00abla posibilidad de entrar y salir del mercado laboral hace a su esencia, es como comer y descomer\u00bb.<\/p>\n<p>   \u00abAlgunos funcionarios de este Gobierno parecen no comprender la situaci\u00f3n de crisis por la que atraviesa hoy nuestro pa\u00eds\u00bb, sostuvo Schmid, al tiempo que consider\u00f3 que \u00abno es de persona seria y responsable salir a decir una barbaridad como \u00b4comer y descomer\u00b4\u00bb.<\/p>\n<p>   Para el secretario de la CGT y l\u00edder de la Confederaci\u00f3n de Trabajadores del Transporte (CATT), esa frase \u00abno s\u00f3lo es una torpeza sino adem\u00e1s una falta de sensibilidad para con los argentinos que d\u00eda a d\u00eda no s\u00f3lo tienen que pelear contra la inflaci\u00f3n sino adem\u00e1s contra el desempleo y los despidos\u00bb.<\/p>\n<p>   A su turno, Daer calific\u00f3 como \u00abtotalmente desafortunado\u00bb y \u00abfuera de lugar\u00bb lo expresado por el secretario de Trabajo, aunque estim\u00f3 que no se trata de la opini\u00f3n general del Gobierno del presidente Mauricio Macri.<\/p>\n<p>   En declaraciones a Radio 10, consider\u00f3 que el de Macri \u00abno es un Gobierno autista, m\u00e1s all\u00e1 de que haya muchos funcionarios que ideol\u00f3gicamente quieran destruir la legislaci\u00f3n laboral\u00bb y remarc\u00f3 que \u00abde hecho, el propio ministro (Jorge Triaca) sali\u00f3 a relativizar los dichos del secretario\u00bb.<\/p>\n<p>   \u00abNosotros queremos volver a la sociedad donde uno ingresaba a un trabajo y se jubilaba en ese trabajo. Esto de entrar y salir permanentemente es una visi\u00f3n totalmente economicista y financiera\u00bb, se\u00f1al\u00f3 el l\u00edder del gremio de Sanidad.<\/p>\n<p>   Al ser consultado sobre la posibilidad de hacer un paro, como reclama un sector de la CTA, Daer sostuvo que es \u00abun instrumento que no se va a resignar nunca\u00bb pero que cualquier decisi\u00f3n de esa naturaleza debe adoptarse en el \u00abmomento que sea eficiente y adecuado\u00bb.<\/p>\n","protected":false},"excerpt":{"rendered":"<p>(NA) &#8211; Las autoridades de la CGT criticaron ayer al secretario de Empleo, Miguel \u00c1ngel Ponte, al afirmar que \u00abno es de persona seria\u00bb su declaraci\u00f3n sobre el mercado laboral y advirtieron que \u00abalgunos funcionarios de este Gobierno parecen no comprender la situaci\u00f3n de crisis del pa\u00eds\u00bb. Juan Carlos Schmid y H\u00e9ctor Daer, quienes integran [&hellip;]<\/p>\n","protected":false},"author":4,"featured_media":12564,"comment_status":"open","ping_status":"closed","sticky":false,"template":"","format":"standard","meta":{"om_disable_all_campaigns":false,"_jetpack_memberships_contains_paid_content":false,"footnotes":""},"categories":[3],"tags":[],"class_list":["post-12563","post","type-post","status-publish","format-standard","has-post-thumbnail","hentry","category-nacionales"],"aioseo_notices":[],"gutentor_comment":0,"jetpack_featured_media_url":"https:\/\/eldiariodesanpedro.com.ar\/sitio\/wp-content\/uploads\/2017\/01\/CGT.jpg","jetpack_shortlink":"https:\/\/wp.me\/p6RhLt-3gD","jetpack_sharing_enabled":true,"_links":{"self":[{"href":"https:\/\/eldiariodesanpedro.com.ar\/sitio\/wp-json\/wp\/v2\/posts\/12563","targetHints":{"allow":["GET"]}}],"collection":[{"href":"https:\/\/eldiariodesanpedro.com.ar\/sitio\/wp-json\/wp\/v2\/posts"}],"about":[{"href":"https:\/\/eldiariodesanpedro.com.ar\/sitio\/wp-json\/wp\/v2\/types\/post"}],"author":[{"embeddable":true,"href":"https:\/\/eldiariodesanpedro.com.ar\/sitio\/wp-json\/wp\/v2\/users\/4"}],"replies":[{"embeddable":true,"href":"https:\/\/eldiariodesanpedro.com.ar\/sitio\/wp-json\/wp\/v2\/comments?post=12563"}],"version-history":[{"count":1,"href":"https:\/\/eldiariodesanpedro.com.ar\/sitio\/wp-json\/wp\/v2\/posts\/12563\/revisions"}],"predecessor-version":[{"id":12565,"href":"https:\/\/eldiariodesanpedro.com.ar\/sitio\/wp-json\/wp\/v2\/posts\/12563\/revisions\/12565"}],"wp:featuredmedia":[{"embeddable":true,"href":"https:\/\/eldiariodesanpedro.com.ar\/sitio\/wp-json\/wp\/v2\/media\/12564"}],"wp:attachment":[{"href":"https:\/\/eldiariodesanpedro.com.ar\/sitio\/wp-json\/wp\/v2\/media?parent=12563"}],"wp:term":[{"taxonomy":"category","embeddable":true,"href":"https:\/\/eldiariodesanpedro.com.ar\/sitio\/wp-json\/wp\/v2\/categories?post=12563"},{"taxonomy":"post_tag","embeddable":true,"href":"https:\/\/eldiariodesanpedro.com.ar\/sitio\/wp-json\/wp\/v2\/tags?post=12563"}],"curies":[{"name":"wp","href":"https:\/\/api.w.org\/{rel}","templated":true}]}}