{"id":125349,"date":"2024-01-20T12:04:35","date_gmt":"2024-01-20T15:04:35","guid":{"rendered":"https:\/\/eldiariodesanpedro.com.ar\/sitio\/?p=125349"},"modified":"2024-01-20T12:04:37","modified_gmt":"2024-01-20T15:04:37","slug":"un-ciudadano-aprehendido-en-la-via-publica-por-ocasionar-disturbios","status":"publish","type":"post","link":"https:\/\/eldiariodesanpedro.com.ar\/sitio\/un-ciudadano-aprehendido-en-la-via-publica-por-ocasionar-disturbios\/","title":{"rendered":"Un ciudadano aprehendido en la v\u00eda publica por ocasionar disturbios"},"content":{"rendered":"<!-- VideographyWP Plugin Message: Automatic video embedding prevented by plugin options. -->\n\n<p>En la jornada de ayer&nbsp; la polic\u00eda de nuestra ciudad llevo a cabo la aprehensi\u00f3n de un ciudadano en la v\u00eda p\u00fablica.<\/p>\n\n\n\n<p>El hecho ocurri\u00f3 este viernes cuando a trav\u00e9s del servicio de emergencia 911 se recibi\u00f3 una alerta sobre una persona que se encontraba en Avenida Espa\u00f1a al 900, zona costanera, que se encontraba ocasionando disturbios.<\/p>\n\n\n\n<p>A la llegada del m\u00f3vil policial proceden a la aprehensi\u00f3n de este masculino mayor de edad que se encontraba en aparente estado de ebriedad molestando a los transe\u00fantes.<\/p>\n","protected":false},"excerpt":{"rendered":"<p>En la jornada de ayer&nbsp; la polic\u00eda de nuestra ciudad llevo a cabo la aprehensi\u00f3n de un ciudadano en la v\u00eda p\u00fablica. El hecho ocurri\u00f3 este viernes cuando a trav\u00e9s del servicio de emergencia 911 se recibi\u00f3 una alerta sobre una persona que se encontraba en Avenida Espa\u00f1a al 900, zona costanera, que se encontraba [&hellip;]<\/p>\n","protected":false},"author":4,"featured_media":125350,"comment_status":"closed","ping_status":"closed","sticky":false,"template":"","format":"standard","meta":{"om_disable_all_campaigns":false,"_jetpack_memberships_contains_paid_content":false,"footnotes":""},"categories":[2,103],"tags":[197,33,95,19],"class_list":["post-125349","post","type-post","status-publish","format-standard","has-post-thumbnail","hentry","category-locales","category-policiales-locales","tag-buenos-aires","tag-locales","tag-policiales","tag-san-pedro"],"aioseo_notices":[],"gutentor_comment":0,"jetpack_featured_media_url":"https:\/\/eldiariodesanpedro.com.ar\/sitio\/wp-content\/uploads\/2024\/01\/medida-6-18.jpg","jetpack_shortlink":"https:\/\/wp.me\/p6RhLt-wBL","jetpack_sharing_enabled":true,"_links":{"self":[{"href":"https:\/\/eldiariodesanpedro.com.ar\/sitio\/wp-json\/wp\/v2\/posts\/125349","targetHints":{"allow":["GET"]}}],"collection":[{"href":"https:\/\/eldiariodesanpedro.com.ar\/sitio\/wp-json\/wp\/v2\/posts"}],"about":[{"href":"https:\/\/eldiariodesanpedro.com.ar\/sitio\/wp-json\/wp\/v2\/types\/post"}],"author":[{"embeddable":true,"href":"https:\/\/eldiariodesanpedro.com.ar\/sitio\/wp-json\/wp\/v2\/users\/4"}],"replies":[{"embeddable":true,"href":"https:\/\/eldiariodesanpedro.com.ar\/sitio\/wp-json\/wp\/v2\/comments?post=125349"}],"version-history":[{"count":1,"href":"https:\/\/eldiariodesanpedro.com.ar\/sitio\/wp-json\/wp\/v2\/posts\/125349\/revisions"}],"predecessor-version":[{"id":125351,"href":"https:\/\/eldiariodesanpedro.com.ar\/sitio\/wp-json\/wp\/v2\/posts\/125349\/revisions\/125351"}],"wp:featuredmedia":[{"embeddable":true,"href":"https:\/\/eldiariodesanpedro.com.ar\/sitio\/wp-json\/wp\/v2\/media\/125350"}],"wp:attachment":[{"href":"https:\/\/eldiariodesanpedro.com.ar\/sitio\/wp-json\/wp\/v2\/media?parent=125349"}],"wp:term":[{"taxonomy":"category","embeddable":true,"href":"https:\/\/eldiariodesanpedro.com.ar\/sitio\/wp-json\/wp\/v2\/categories?post=125349"},{"taxonomy":"post_tag","embeddable":true,"href":"https:\/\/eldiariodesanpedro.com.ar\/sitio\/wp-json\/wp\/v2\/tags?post=125349"}],"curies":[{"name":"wp","href":"https:\/\/api.w.org\/{rel}","templated":true}]}}