{"id":125200,"date":"2024-01-15T17:02:32","date_gmt":"2024-01-15T20:02:32","guid":{"rendered":"https:\/\/eldiariodesanpedro.com.ar\/sitio\/?p=125200"},"modified":"2024-01-15T17:02:34","modified_gmt":"2024-01-15T20:02:34","slug":"alerta-naranja-para-san-pedro-y-la-region-para-manana-martes","status":"publish","type":"post","link":"https:\/\/eldiariodesanpedro.com.ar\/sitio\/alerta-naranja-para-san-pedro-y-la-region-para-manana-martes\/","title":{"rendered":"Alerta naranja para San Pedro y la regi\u00f3n para ma\u00f1ana martes"},"content":{"rendered":"<!-- VideographyWP Plugin Message: Automatic video embedding prevented by plugin options. -->\n\n<p>El Servicio Meteorol\u00f3gico Nacional ha emitido alertas meteorol\u00f3gicas para varias provincias de Argentina. En la zona Norte de la provincia de Buenos Aires, que incluye San Pedro y Baradero, se ha declarado una \u00abalerta naranja\u00bb programada para este martes. Se anticipa la posibilidad de fuertes tormentas desde la madrugada hasta la ma\u00f1ana, concluyendo cerca del mediod\u00eda y mejorando el clima por la tarde.<\/p>\n\n\n\n<p>Para San Luis, C\u00f3rdoba, Santa Fe, Entre R\u00edos y Buenos Aires, se encuentra vigente una alerta amarilla que cubre una extensa \u00e1rea territorial. Adem\u00e1s, se ha establecido una alerta de nivel naranja, indicando la posibilidad de fen\u00f3menos meteorol\u00f3gicos perjudiciales y riesgo de interrupciones temporales en actividades cotidianas. Existe la probabilidad de desastres naturales que amenacen a la sociedad, la vida, los bienes y el medio ambiente, seg\u00fan detalla el SMN.<\/p>\n\n\n\n<p>Las zonas mayormente afectadas incluir\u00e1n el centro de San Luis, el sur de C\u00f3rdoba, Santa Fe y Entre R\u00edos, junto con una parte de la provincia de Buenos Aires, espec\u00edficamente algunas localidades de Buenos Aires Norte, como San Nicol\u00e1s de Los Arroyos y San Pedro.<\/p>\n\n\n\n<p>En caso de una alerta naranja, se recomienda buscar refugio bajo techo, alejarse de \u00e1reas costeras y ribere\u00f1as, cortar la electricidad si hay riesgo de inundaci\u00f3n, y evitar postes y cables el\u00e9ctricos. En situaciones de emergencia, se insta a comunicarse con las autoridades locales para obtener asistencia.<\/p>\n\n\n\n<p>El SMN tambi\u00e9n aconseja no sacar la basura, retirar objetos que obstaculicen el drenaje del agua, evitar actividades al aire libre, no refugiarse cerca de \u00e1rboles y postes de electricidad, y no permanecer en playas, r\u00edos, lagunas o piletas. Se recomienda evitar actividades al aire libre, asegurar objetos susceptibles de volarse y mantenerse informado a trav\u00e9s de las autoridades en caso de situaciones urgentes que requieran evacuaci\u00f3n.<\/p>\n","protected":false},"excerpt":{"rendered":"<p>El Servicio Meteorol\u00f3gico Nacional ha emitido alertas meteorol\u00f3gicas para varias provincias de Argentina. En la zona Norte de la provincia de Buenos Aires, que incluye San Pedro y Baradero, se ha declarado una \u00abalerta naranja\u00bb programada para este martes. Se anticipa la posibilidad de fuertes tormentas desde la madrugada hasta la ma\u00f1ana, concluyendo cerca del [&hellip;]<\/p>\n","protected":false},"author":4,"featured_media":125201,"comment_status":"closed","ping_status":"closed","sticky":false,"template":"","format":"standard","meta":{"om_disable_all_campaigns":false,"_jetpack_memberships_contains_paid_content":false,"footnotes":""},"categories":[50,101,2],"tags":[],"class_list":["post-125200","post","type-post","status-publish","format-standard","has-post-thumbnail","hentry","category-destacadas","category-interes-general-locales","category-locales"],"aioseo_notices":[],"gutentor_comment":0,"jetpack_featured_media_url":"https:\/\/eldiariodesanpedro.com.ar\/sitio\/wp-content\/uploads\/2024\/01\/medida-6-10.jpg","jetpack_shortlink":"https:\/\/wp.me\/p6RhLt-wzm","jetpack_sharing_enabled":true,"_links":{"self":[{"href":"https:\/\/eldiariodesanpedro.com.ar\/sitio\/wp-json\/wp\/v2\/posts\/125200","targetHints":{"allow":["GET"]}}],"collection":[{"href":"https:\/\/eldiariodesanpedro.com.ar\/sitio\/wp-json\/wp\/v2\/posts"}],"about":[{"href":"https:\/\/eldiariodesanpedro.com.ar\/sitio\/wp-json\/wp\/v2\/types\/post"}],"author":[{"embeddable":true,"href":"https:\/\/eldiariodesanpedro.com.ar\/sitio\/wp-json\/wp\/v2\/users\/4"}],"replies":[{"embeddable":true,"href":"https:\/\/eldiariodesanpedro.com.ar\/sitio\/wp-json\/wp\/v2\/comments?post=125200"}],"version-history":[{"count":1,"href":"https:\/\/eldiariodesanpedro.com.ar\/sitio\/wp-json\/wp\/v2\/posts\/125200\/revisions"}],"predecessor-version":[{"id":125202,"href":"https:\/\/eldiariodesanpedro.com.ar\/sitio\/wp-json\/wp\/v2\/posts\/125200\/revisions\/125202"}],"wp:featuredmedia":[{"embeddable":true,"href":"https:\/\/eldiariodesanpedro.com.ar\/sitio\/wp-json\/wp\/v2\/media\/125201"}],"wp:attachment":[{"href":"https:\/\/eldiariodesanpedro.com.ar\/sitio\/wp-json\/wp\/v2\/media?parent=125200"}],"wp:term":[{"taxonomy":"category","embeddable":true,"href":"https:\/\/eldiariodesanpedro.com.ar\/sitio\/wp-json\/wp\/v2\/categories?post=125200"},{"taxonomy":"post_tag","embeddable":true,"href":"https:\/\/eldiariodesanpedro.com.ar\/sitio\/wp-json\/wp\/v2\/tags?post=125200"}],"curies":[{"name":"wp","href":"https:\/\/api.w.org\/{rel}","templated":true}]}}