{"id":125197,"date":"2024-01-15T16:44:22","date_gmt":"2024-01-15T19:44:22","guid":{"rendered":"https:\/\/eldiariodesanpedro.com.ar\/sitio\/?p=125197"},"modified":"2024-01-15T16:44:26","modified_gmt":"2024-01-15T19:44:26","slug":"incidente-cerca-del-cementerio-local-delincuentes-disparan-y-arrojan-piedras-sin-heridos","status":"publish","type":"post","link":"https:\/\/eldiariodesanpedro.com.ar\/sitio\/incidente-cerca-del-cementerio-local-delincuentes-disparan-y-arrojan-piedras-sin-heridos\/","title":{"rendered":"Incidente cerca del cementerio local: Delincuentes disparan y arrojan piedras, sin heridos"},"content":{"rendered":"<!-- VideographyWP Plugin Message: Automatic video embedding prevented by plugin options. -->\n\n<p>En la tarde de este lunes, se registr\u00f3 un incidente cerca del acceso al cementerio local. <\/p>\n\n\n\n<p>Delincuentes dispararon armas de fuego y arrojaron piedras hacia una vivienda ubicada sobre la barranca. <\/p>\n\n\n\n<p>El suceso tuvo lugar despu\u00e9s de las 14 horas sin causar heridos. Tres patrulleros de la polic\u00eda bonaerense se desplazaron al lugar para investigar el incidente. La polic\u00eda est\u00e1 indagando las circunstancias del hecho.<\/p>\n","protected":false},"excerpt":{"rendered":"<p>En la tarde de este lunes, se registr\u00f3 un incidente cerca del acceso al cementerio local. Delincuentes dispararon armas de fuego y arrojaron piedras hacia una vivienda ubicada sobre la barranca. El suceso tuvo lugar despu\u00e9s de las 14 horas sin causar heridos. Tres patrulleros de la polic\u00eda bonaerense se desplazaron al lugar para investigar [&hellip;]<\/p>\n","protected":false},"author":4,"featured_media":125198,"comment_status":"closed","ping_status":"closed","sticky":false,"template":"","format":"standard","meta":{"om_disable_all_campaigns":false,"_jetpack_memberships_contains_paid_content":false,"footnotes":""},"categories":[50,2,103],"tags":[197,33,95,19],"class_list":["post-125197","post","type-post","status-publish","format-standard","has-post-thumbnail","hentry","category-destacadas","category-locales","category-policiales-locales","tag-buenos-aires","tag-locales","tag-policiales","tag-san-pedro"],"aioseo_notices":[],"gutentor_comment":0,"jetpack_featured_media_url":"https:\/\/eldiariodesanpedro.com.ar\/sitio\/wp-content\/uploads\/2024\/01\/Imagen-de-WhatsApp-2024-01-15-a-las-16.39.19_51e20b6d.jpg","jetpack_shortlink":"https:\/\/wp.me\/p6RhLt-wzj","jetpack_sharing_enabled":true,"_links":{"self":[{"href":"https:\/\/eldiariodesanpedro.com.ar\/sitio\/wp-json\/wp\/v2\/posts\/125197","targetHints":{"allow":["GET"]}}],"collection":[{"href":"https:\/\/eldiariodesanpedro.com.ar\/sitio\/wp-json\/wp\/v2\/posts"}],"about":[{"href":"https:\/\/eldiariodesanpedro.com.ar\/sitio\/wp-json\/wp\/v2\/types\/post"}],"author":[{"embeddable":true,"href":"https:\/\/eldiariodesanpedro.com.ar\/sitio\/wp-json\/wp\/v2\/users\/4"}],"replies":[{"embeddable":true,"href":"https:\/\/eldiariodesanpedro.com.ar\/sitio\/wp-json\/wp\/v2\/comments?post=125197"}],"version-history":[{"count":1,"href":"https:\/\/eldiariodesanpedro.com.ar\/sitio\/wp-json\/wp\/v2\/posts\/125197\/revisions"}],"predecessor-version":[{"id":125199,"href":"https:\/\/eldiariodesanpedro.com.ar\/sitio\/wp-json\/wp\/v2\/posts\/125197\/revisions\/125199"}],"wp:featuredmedia":[{"embeddable":true,"href":"https:\/\/eldiariodesanpedro.com.ar\/sitio\/wp-json\/wp\/v2\/media\/125198"}],"wp:attachment":[{"href":"https:\/\/eldiariodesanpedro.com.ar\/sitio\/wp-json\/wp\/v2\/media?parent=125197"}],"wp:term":[{"taxonomy":"category","embeddable":true,"href":"https:\/\/eldiariodesanpedro.com.ar\/sitio\/wp-json\/wp\/v2\/categories?post=125197"},{"taxonomy":"post_tag","embeddable":true,"href":"https:\/\/eldiariodesanpedro.com.ar\/sitio\/wp-json\/wp\/v2\/tags?post=125197"}],"curies":[{"name":"wp","href":"https:\/\/api.w.org\/{rel}","templated":true}]}}