{"id":125195,"date":"2024-01-15T15:28:29","date_gmt":"2024-01-15T18:28:29","guid":{"rendered":"https:\/\/eldiariodesanpedro.com.ar\/sitio\/?p=125195"},"modified":"2024-01-15T15:28:32","modified_gmt":"2024-01-15T18:28:32","slug":"acuerdos-paritarios-reduccion-de-horas-extras-en-el-municipio-para-alinear-con-aumentos-salariales","status":"publish","type":"post","link":"https:\/\/eldiariodesanpedro.com.ar\/sitio\/acuerdos-paritarios-reduccion-de-horas-extras-en-el-municipio-para-alinear-con-aumentos-salariales\/","title":{"rendered":"Acuerdos Paritarios: Reducci\u00f3n de Horas Extras en el Municipio para Alinear con Aumentos Salariales"},"content":{"rendered":"<!-- VideographyWP Plugin Message: Automatic video embedding prevented by plugin options. -->\n\n<p>Reuniones recientes entre el Departamento Ejecutivo y gremios municipales abordaron el tema de las horas extras. Ra\u00fal \u00abChipi\u00bb Ben\u00edtez, miembro del Sindicato de Trabajadores Municipales, confirm\u00f3 que habr\u00e1 un recorte sustancial en paralelo con los aumentos acordados para los pr\u00f3ximos meses. Seg\u00fan Ben\u00edtez, se reducir\u00e1n a la mitad o incluso se eliminar\u00e1n las horas extras, justificado por la necesidad de considerar la salud. Sin embargo, expres\u00f3 su preocupaci\u00f3n por la dificultad de realizar tareas fuera del horario establecido, como poner un tubo o cortar el pasto.<\/p>\n\n\n\n<p>El dirigente se\u00f1al\u00f3 que el recorte de horas extras es necesario para cumplir con el acuerdo alcanzado, estableciendo un l\u00edmite para cada \u00e1rea que se distribuir\u00e1 equitativamente entre los trabajadores. En caso de exceder el cupo en alguna \u00e1rea, se compensar\u00e1 a los empleados que realicen horas extras, pero se descontar\u00e1 de los responsables.<\/p>\n","protected":false},"excerpt":{"rendered":"<p>Reuniones recientes entre el Departamento Ejecutivo y gremios municipales abordaron el tema de las horas extras. Ra\u00fal \u00abChipi\u00bb Ben\u00edtez, miembro del Sindicato de Trabajadores Municipales, confirm\u00f3 que habr\u00e1 un recorte sustancial en paralelo con los aumentos acordados para los pr\u00f3ximos meses. Seg\u00fan Ben\u00edtez, se reducir\u00e1n a la mitad o incluso se eliminar\u00e1n las horas extras, [&hellip;]<\/p>\n","protected":false},"author":4,"featured_media":47034,"comment_status":"closed","ping_status":"closed","sticky":false,"template":"","format":"standard","meta":{"om_disable_all_campaigns":false,"_jetpack_memberships_contains_paid_content":false,"footnotes":""},"categories":[50,101,2],"tags":[],"class_list":["post-125195","post","type-post","status-publish","format-standard","has-post-thumbnail","hentry","category-destacadas","category-interes-general-locales","category-locales"],"aioseo_notices":[],"gutentor_comment":0,"jetpack_featured_media_url":"https:\/\/eldiariodesanpedro.com.ar\/sitio\/wp-content\/uploads\/2019\/02\/chipibenitez.jpg","jetpack_shortlink":"https:\/\/wp.me\/p6RhLt-wzh","jetpack_sharing_enabled":true,"_links":{"self":[{"href":"https:\/\/eldiariodesanpedro.com.ar\/sitio\/wp-json\/wp\/v2\/posts\/125195","targetHints":{"allow":["GET"]}}],"collection":[{"href":"https:\/\/eldiariodesanpedro.com.ar\/sitio\/wp-json\/wp\/v2\/posts"}],"about":[{"href":"https:\/\/eldiariodesanpedro.com.ar\/sitio\/wp-json\/wp\/v2\/types\/post"}],"author":[{"embeddable":true,"href":"https:\/\/eldiariodesanpedro.com.ar\/sitio\/wp-json\/wp\/v2\/users\/4"}],"replies":[{"embeddable":true,"href":"https:\/\/eldiariodesanpedro.com.ar\/sitio\/wp-json\/wp\/v2\/comments?post=125195"}],"version-history":[{"count":1,"href":"https:\/\/eldiariodesanpedro.com.ar\/sitio\/wp-json\/wp\/v2\/posts\/125195\/revisions"}],"predecessor-version":[{"id":125196,"href":"https:\/\/eldiariodesanpedro.com.ar\/sitio\/wp-json\/wp\/v2\/posts\/125195\/revisions\/125196"}],"wp:featuredmedia":[{"embeddable":true,"href":"https:\/\/eldiariodesanpedro.com.ar\/sitio\/wp-json\/wp\/v2\/media\/47034"}],"wp:attachment":[{"href":"https:\/\/eldiariodesanpedro.com.ar\/sitio\/wp-json\/wp\/v2\/media?parent=125195"}],"wp:term":[{"taxonomy":"category","embeddable":true,"href":"https:\/\/eldiariodesanpedro.com.ar\/sitio\/wp-json\/wp\/v2\/categories?post=125195"},{"taxonomy":"post_tag","embeddable":true,"href":"https:\/\/eldiariodesanpedro.com.ar\/sitio\/wp-json\/wp\/v2\/tags?post=125195"}],"curies":[{"name":"wp","href":"https:\/\/api.w.org\/{rel}","templated":true}]}}