{"id":125192,"date":"2024-01-15T15:23:33","date_gmt":"2024-01-15T18:23:33","guid":{"rendered":"https:\/\/eldiariodesanpedro.com.ar\/sitio\/?p=125192"},"modified":"2024-01-15T15:23:35","modified_gmt":"2024-01-15T18:23:35","slug":"bono-compensatorio-de-bioquimicos-actualizacion-arancelaria-ante-desafios-financieros","status":"publish","type":"post","link":"https:\/\/eldiariodesanpedro.com.ar\/sitio\/bono-compensatorio-de-bioquimicos-actualizacion-arancelaria-ante-desafios-financieros\/","title":{"rendered":"Bono Compensatorio de Bioqu\u00edmicos: Actualizaci\u00f3n Arancelaria ante Desaf\u00edos Financieros"},"content":{"rendered":"<!-- VideographyWP Plugin Message: Automatic video embedding prevented by plugin options. -->\n\n<p>Los bioqu\u00edmicos de la Provincia de Buenos Aires implementar\u00e1n un \u00abbono adicional compensatorio\u00bb para los afiliados de las prepagas que no han ajustado sus aranceles con el sector. El objetivo es asegurar la atenci\u00f3n a los pacientes y hacer frente a los costos de las prestaciones.<\/p>\n\n\n\n<p>Seg\u00fan el Dr. Claudio Cova, presidente de la Federaci\u00f3n Bioqu\u00edmica de la Provincia de Buenos Aires (FABA), en el a\u00f1o 2023, los salarios de los empleados de los laboratorios, afiliados al Sindicato de Personal de Sanidad, aumentaron un 137% seg\u00fan la paritaria de abril a diciembre. Adem\u00e1s, los insumos y reactivos experimentaron un aumento promedio del 360%, los alquileres un 200%, y el IPC interanual alcanz\u00f3 el 211.4%.<\/p>\n\n\n\n<p>Cova se\u00f1al\u00f3 que, durante el mismo periodo, las empresas de medicina prepaga aumentaron los aranceles a los prestadores bioqu\u00edmicos en un 131%, una cifra considerada insuficiente para cubrir los servicios brindados a los beneficiarios. A esto se sum\u00f3 la obligaci\u00f3n de las prepagas, impuesta por la Superintendencia de Servicios de Salud (SSS), de trasladar al menos el 90% de los incrementos a las cuotas de los afiliados.<\/p>\n\n\n\n<p>Con la reciente desregulaci\u00f3n de la actividad de las empresas de medicina prepaga mediante el DNU 70\/2023, sin condiciones para el traslado a los prestadores, se ha solicitado a estas empresas una actualizaci\u00f3n arancelaria que cubra los costos de funcionamiento de los laboratorios. Ante la respuesta insatisfactoria, se decidi\u00f3 implementar un bono adicional compensatorio no reintegrable de $5000, que afectar\u00e1 a aproximadamente 1 mill\u00f3n de bonaerenses. Las prepagas involucradas son AVALIAN, AMFFA, ESCRIBANOS, OSMECON E.E.\/L.d Z., LUIS PASTEUR, SWISS MEDICAL, PREVENCION SALUD, GALENO, FEDERADA 25 DE JUNIO, OSDEPYM, UNO SALUD. El cobro entrar\u00e1 en vigencia en los pr\u00f3ximos d\u00edas.<\/p>\n","protected":false},"excerpt":{"rendered":"<p>Los bioqu\u00edmicos de la Provincia de Buenos Aires implementar\u00e1n un \u00abbono adicional compensatorio\u00bb para los afiliados de las prepagas que no han ajustado sus aranceles con el sector. El objetivo es asegurar la atenci\u00f3n a los pacientes y hacer frente a los costos de las prestaciones. Seg\u00fan el Dr. Claudio Cova, presidente de la Federaci\u00f3n [&hellip;]<\/p>\n","protected":false},"author":4,"featured_media":125193,"comment_status":"closed","ping_status":"closed","sticky":false,"template":"","format":"standard","meta":{"om_disable_all_campaigns":false,"_jetpack_memberships_contains_paid_content":false,"footnotes":""},"categories":[101,2],"tags":[],"class_list":["post-125192","post","type-post","status-publish","format-standard","has-post-thumbnail","hentry","category-interes-general-locales","category-locales"],"aioseo_notices":[],"gutentor_comment":0,"jetpack_featured_media_url":"https:\/\/eldiariodesanpedro.com.ar\/sitio\/wp-content\/uploads\/2024\/01\/dia-del-bioquimico.jpg","jetpack_shortlink":"https:\/\/wp.me\/p6RhLt-wze","jetpack_sharing_enabled":true,"_links":{"self":[{"href":"https:\/\/eldiariodesanpedro.com.ar\/sitio\/wp-json\/wp\/v2\/posts\/125192","targetHints":{"allow":["GET"]}}],"collection":[{"href":"https:\/\/eldiariodesanpedro.com.ar\/sitio\/wp-json\/wp\/v2\/posts"}],"about":[{"href":"https:\/\/eldiariodesanpedro.com.ar\/sitio\/wp-json\/wp\/v2\/types\/post"}],"author":[{"embeddable":true,"href":"https:\/\/eldiariodesanpedro.com.ar\/sitio\/wp-json\/wp\/v2\/users\/4"}],"replies":[{"embeddable":true,"href":"https:\/\/eldiariodesanpedro.com.ar\/sitio\/wp-json\/wp\/v2\/comments?post=125192"}],"version-history":[{"count":1,"href":"https:\/\/eldiariodesanpedro.com.ar\/sitio\/wp-json\/wp\/v2\/posts\/125192\/revisions"}],"predecessor-version":[{"id":125194,"href":"https:\/\/eldiariodesanpedro.com.ar\/sitio\/wp-json\/wp\/v2\/posts\/125192\/revisions\/125194"}],"wp:featuredmedia":[{"embeddable":true,"href":"https:\/\/eldiariodesanpedro.com.ar\/sitio\/wp-json\/wp\/v2\/media\/125193"}],"wp:attachment":[{"href":"https:\/\/eldiariodesanpedro.com.ar\/sitio\/wp-json\/wp\/v2\/media?parent=125192"}],"wp:term":[{"taxonomy":"category","embeddable":true,"href":"https:\/\/eldiariodesanpedro.com.ar\/sitio\/wp-json\/wp\/v2\/categories?post=125192"},{"taxonomy":"post_tag","embeddable":true,"href":"https:\/\/eldiariodesanpedro.com.ar\/sitio\/wp-json\/wp\/v2\/tags?post=125192"}],"curies":[{"name":"wp","href":"https:\/\/api.w.org\/{rel}","templated":true}]}}