{"id":125186,"date":"2024-01-15T14:06:40","date_gmt":"2024-01-15T17:06:40","guid":{"rendered":"https:\/\/eldiariodesanpedro.com.ar\/sitio\/?p=125186"},"modified":"2024-01-15T14:06:42","modified_gmt":"2024-01-15T17:06:42","slug":"adolescente-detenido-en-una-moto-robada","status":"publish","type":"post","link":"https:\/\/eldiariodesanpedro.com.ar\/sitio\/adolescente-detenido-en-una-moto-robada\/","title":{"rendered":"Adolescente detenido en una moto robada"},"content":{"rendered":"<!-- VideographyWP Plugin Message: Automatic video embedding prevented by plugin options. -->\n\n<p>Un operativo policial llev\u00f3 a la recuperaci\u00f3n de una motocicleta poco despu\u00e9s de su robo en San Mart\u00edn al 1700, durante la madrugada de este lunes. El procedimiento cerrado permiti\u00f3 identificar y detener la Honda Wave blanca en la intersecci\u00f3n de Noseda y Rafael Obligado. El conductor, un joven de 13 a\u00f1os, fue arrestado y llevado a la Comisar\u00eda local. Despu\u00e9s de ser informado sobre la causa de \u00abTentativa de hurto\u00bb, fue entregado a sus padres. La motocicleta fue devuelta a su propietaria leg\u00edtima.<\/p>\n","protected":false},"excerpt":{"rendered":"<p>Un operativo policial llev\u00f3 a la recuperaci\u00f3n de una motocicleta poco despu\u00e9s de su robo en San Mart\u00edn al 1700, durante la madrugada de este lunes. El procedimiento cerrado permiti\u00f3 identificar y detener la Honda Wave blanca en la intersecci\u00f3n de Noseda y Rafael Obligado. El conductor, un joven de 13 a\u00f1os, fue arrestado y [&hellip;]<\/p>\n","protected":false},"author":4,"featured_media":125187,"comment_status":"closed","ping_status":"closed","sticky":false,"template":"","format":"standard","meta":{"om_disable_all_campaigns":false,"_jetpack_memberships_contains_paid_content":false,"footnotes":""},"categories":[2,103],"tags":[],"class_list":["post-125186","post","type-post","status-publish","format-standard","has-post-thumbnail","hentry","category-locales","category-policiales-locales"],"aioseo_notices":[],"gutentor_comment":0,"jetpack_featured_media_url":"https:\/\/eldiariodesanpedro.com.ar\/sitio\/wp-content\/uploads\/2024\/01\/Moto-robda-adolescente-.jpg","jetpack_shortlink":"https:\/\/wp.me\/p6RhLt-wz8","jetpack_sharing_enabled":true,"_links":{"self":[{"href":"https:\/\/eldiariodesanpedro.com.ar\/sitio\/wp-json\/wp\/v2\/posts\/125186","targetHints":{"allow":["GET"]}}],"collection":[{"href":"https:\/\/eldiariodesanpedro.com.ar\/sitio\/wp-json\/wp\/v2\/posts"}],"about":[{"href":"https:\/\/eldiariodesanpedro.com.ar\/sitio\/wp-json\/wp\/v2\/types\/post"}],"author":[{"embeddable":true,"href":"https:\/\/eldiariodesanpedro.com.ar\/sitio\/wp-json\/wp\/v2\/users\/4"}],"replies":[{"embeddable":true,"href":"https:\/\/eldiariodesanpedro.com.ar\/sitio\/wp-json\/wp\/v2\/comments?post=125186"}],"version-history":[{"count":1,"href":"https:\/\/eldiariodesanpedro.com.ar\/sitio\/wp-json\/wp\/v2\/posts\/125186\/revisions"}],"predecessor-version":[{"id":125188,"href":"https:\/\/eldiariodesanpedro.com.ar\/sitio\/wp-json\/wp\/v2\/posts\/125186\/revisions\/125188"}],"wp:featuredmedia":[{"embeddable":true,"href":"https:\/\/eldiariodesanpedro.com.ar\/sitio\/wp-json\/wp\/v2\/media\/125187"}],"wp:attachment":[{"href":"https:\/\/eldiariodesanpedro.com.ar\/sitio\/wp-json\/wp\/v2\/media?parent=125186"}],"wp:term":[{"taxonomy":"category","embeddable":true,"href":"https:\/\/eldiariodesanpedro.com.ar\/sitio\/wp-json\/wp\/v2\/categories?post=125186"},{"taxonomy":"post_tag","embeddable":true,"href":"https:\/\/eldiariodesanpedro.com.ar\/sitio\/wp-json\/wp\/v2\/tags?post=125186"}],"curies":[{"name":"wp","href":"https:\/\/api.w.org\/{rel}","templated":true}]}}