{"id":125183,"date":"2024-01-15T13:46:18","date_gmt":"2024-01-15T16:46:18","guid":{"rendered":"https:\/\/eldiariodesanpedro.com.ar\/sitio\/?p=125183"},"modified":"2024-01-15T13:46:20","modified_gmt":"2024-01-15T16:46:20","slug":"libreta-auh-desde-hoy-se-presentar-online","status":"publish","type":"post","link":"https:\/\/eldiariodesanpedro.com.ar\/sitio\/libreta-auh-desde-hoy-se-presentar-online\/","title":{"rendered":"Libreta AUH: Desde hoy se presentar online"},"content":{"rendered":"<!-- VideographyWP Plugin Message: Automatic video embedding prevented by plugin options. -->\n\n<p>La ANSES recuerda que desde hoy y hasta el 31 de marzo se puede presentar la Libreta de la Asignaci\u00f3n Universal por Hijo (AUH) 2023 \u00fanicamente de forma online, a trav\u00e9s de mi ANSES.<\/p>\n\n\n\n<p>Con esta presentaci\u00f3n, las familias acreditan el cumplimiento de los controles de salud, vacunaci\u00f3n y educaci\u00f3n de los ni\u00f1os y adolescentes. A su vez, se habilita el cobro del 20 por ciento del complemento acumulado durante el a\u00f1o anterior.<\/p>\n\n\n\n<p>El formulario de Libreta AUH se puede generar y cargar desde un celular o computadora, ingresando en la secci\u00f3n Hijos &gt; Libreta Asignaci\u00f3n Universal por Hijo de la pantalla principal de www.anses.gob.ar o de la app mi ANSES, que puede descargarse desde aqu\u00ed.<a><\/a><\/p>\n\n\n\n<p><strong>Paso a paso<\/strong><\/p>\n\n\n\n<p>1.&nbsp; &nbsp; Ir a mi ANSES con CUIL y Clave de la Seguridad Social.<\/p>\n\n\n\n<p>2.&nbsp; &nbsp; En la secci\u00f3n Hijos &gt; Libreta AUH consultar la informaci\u00f3n que falta cargar de los hijos o personas a cargo por las que se recibe la asignaci\u00f3n.<\/p>\n\n\n\n<p>3.&nbsp; &nbsp; Si falta completar alguna secci\u00f3n (educaci\u00f3n, salud o vacunaci\u00f3n), se debe ir a Generar Libreta AUH y descargarla o envi\u00e1rsela uno mismo por correo electr\u00f3nico.<\/p>\n\n\n\n<p>4.&nbsp; &nbsp; Imprimir el formulario y llevarlo al centro de salud o a la escuela (si corresponde) para que lo completen y lo firmen.<\/p>\n\n\n\n<p>5.&nbsp; &nbsp; Sacar una foto al formulario firmado, reingresar a mi ANSES, seleccionar la opci\u00f3n Hijos &gt; Libreta AUH, seguir las instrucciones y subir el documento de Libreta.<\/p>\n\n\n\n<p>6.&nbsp; &nbsp; Se recibir\u00e1 un correo electr\u00f3nico que confirma la presentaci\u00f3n.<\/p>\n","protected":false},"excerpt":{"rendered":"<p>La ANSES recuerda que desde hoy y hasta el 31 de marzo se puede presentar la Libreta de la Asignaci\u00f3n Universal por Hijo (AUH) 2023 \u00fanicamente de forma online, a trav\u00e9s de mi ANSES. Con esta presentaci\u00f3n, las familias acreditan el cumplimiento de los controles de salud, vacunaci\u00f3n y educaci\u00f3n de los ni\u00f1os y adolescentes. [&hellip;]<\/p>\n","protected":false},"author":4,"featured_media":125184,"comment_status":"closed","ping_status":"closed","sticky":false,"template":"","format":"standard","meta":{"om_disable_all_campaigns":false,"_jetpack_memberships_contains_paid_content":false,"footnotes":""},"categories":[101,2],"tags":[],"class_list":["post-125183","post","type-post","status-publish","format-standard","has-post-thumbnail","hentry","category-interes-general-locales","category-locales"],"aioseo_notices":[],"gutentor_comment":0,"jetpack_featured_media_url":"https:\/\/eldiariodesanpedro.com.ar\/sitio\/wp-content\/uploads\/2024\/01\/libreta-1.jpg","jetpack_shortlink":"https:\/\/wp.me\/p6RhLt-wz5","jetpack_sharing_enabled":true,"_links":{"self":[{"href":"https:\/\/eldiariodesanpedro.com.ar\/sitio\/wp-json\/wp\/v2\/posts\/125183","targetHints":{"allow":["GET"]}}],"collection":[{"href":"https:\/\/eldiariodesanpedro.com.ar\/sitio\/wp-json\/wp\/v2\/posts"}],"about":[{"href":"https:\/\/eldiariodesanpedro.com.ar\/sitio\/wp-json\/wp\/v2\/types\/post"}],"author":[{"embeddable":true,"href":"https:\/\/eldiariodesanpedro.com.ar\/sitio\/wp-json\/wp\/v2\/users\/4"}],"replies":[{"embeddable":true,"href":"https:\/\/eldiariodesanpedro.com.ar\/sitio\/wp-json\/wp\/v2\/comments?post=125183"}],"version-history":[{"count":1,"href":"https:\/\/eldiariodesanpedro.com.ar\/sitio\/wp-json\/wp\/v2\/posts\/125183\/revisions"}],"predecessor-version":[{"id":125185,"href":"https:\/\/eldiariodesanpedro.com.ar\/sitio\/wp-json\/wp\/v2\/posts\/125183\/revisions\/125185"}],"wp:featuredmedia":[{"embeddable":true,"href":"https:\/\/eldiariodesanpedro.com.ar\/sitio\/wp-json\/wp\/v2\/media\/125184"}],"wp:attachment":[{"href":"https:\/\/eldiariodesanpedro.com.ar\/sitio\/wp-json\/wp\/v2\/media?parent=125183"}],"wp:term":[{"taxonomy":"category","embeddable":true,"href":"https:\/\/eldiariodesanpedro.com.ar\/sitio\/wp-json\/wp\/v2\/categories?post=125183"},{"taxonomy":"post_tag","embeddable":true,"href":"https:\/\/eldiariodesanpedro.com.ar\/sitio\/wp-json\/wp\/v2\/tags?post=125183"}],"curies":[{"name":"wp","href":"https:\/\/api.w.org\/{rel}","templated":true}]}}