{"id":125180,"date":"2024-01-15T13:08:27","date_gmt":"2024-01-15T16:08:27","guid":{"rendered":"https:\/\/eldiariodesanpedro.com.ar\/sitio\/?p=125180"},"modified":"2024-01-15T13:08:29","modified_gmt":"2024-01-15T16:08:29","slug":"un-hombre-con-un-balazo-en-la-cabeza-fue-trasladado-desde-la-zona-de-islas","status":"publish","type":"post","link":"https:\/\/eldiariodesanpedro.com.ar\/sitio\/un-hombre-con-un-balazo-en-la-cabeza-fue-trasladado-desde-la-zona-de-islas\/","title":{"rendered":"Un hombre con un balazo en la cabeza fue trasladado desde la zona de islas"},"content":{"rendered":"<!-- VideographyWP Plugin Message: Automatic video embedding prevented by plugin options. -->\n\n<p>Un individuo con una herida de bala fue trasladado a la guardia del Hospital mediante una ambulancia del SAME, despu\u00e9s de ser transportado desde la regi\u00f3n de islas en una embarcaci\u00f3n. La lesi\u00f3n, ubicada en la cabeza, fue causada por el impacto de un proyectil que no penetr\u00f3 el cr\u00e1neo. Durante todo el tiempo, la persona estuvo consciente, seg\u00fan indicaron fuentes m\u00e9dicas.<\/p>\n\n\n\n<p>Inmediatamente se llevaron a cabo las primeras curaciones y se solicitaron estudios de alta complejidad, como una tomograf\u00eda computarizada, para evaluar el posible alcance de las lesiones cerebrales. Aunque se plantea la posibilidad de que el individuo haya intentado autolesionarse, se est\u00e1 llevando a cabo una investigaci\u00f3n para esclarecer las circunstancias exactas que rodean el incidente.<\/p>\n","protected":false},"excerpt":{"rendered":"<p>Un individuo con una herida de bala fue trasladado a la guardia del Hospital mediante una ambulancia del SAME, despu\u00e9s de ser transportado desde la regi\u00f3n de islas en una embarcaci\u00f3n. La lesi\u00f3n, ubicada en la cabeza, fue causada por el impacto de un proyectil que no penetr\u00f3 el cr\u00e1neo. Durante todo el tiempo, la [&hellip;]<\/p>\n","protected":false},"author":4,"featured_media":125181,"comment_status":"closed","ping_status":"closed","sticky":false,"template":"","format":"standard","meta":{"om_disable_all_campaigns":false,"_jetpack_memberships_contains_paid_content":false,"footnotes":""},"categories":[50,2,103],"tags":[197,33,19],"class_list":["post-125180","post","type-post","status-publish","format-standard","has-post-thumbnail","hentry","category-destacadas","category-locales","category-policiales-locales","tag-buenos-aires","tag-locales","tag-san-pedro"],"aioseo_notices":[],"gutentor_comment":0,"jetpack_featured_media_url":"https:\/\/eldiariodesanpedro.com.ar\/sitio\/wp-content\/uploads\/2024\/01\/Suicidio-islas-1.jpg","jetpack_shortlink":"https:\/\/wp.me\/p6RhLt-wz2","jetpack_sharing_enabled":true,"_links":{"self":[{"href":"https:\/\/eldiariodesanpedro.com.ar\/sitio\/wp-json\/wp\/v2\/posts\/125180","targetHints":{"allow":["GET"]}}],"collection":[{"href":"https:\/\/eldiariodesanpedro.com.ar\/sitio\/wp-json\/wp\/v2\/posts"}],"about":[{"href":"https:\/\/eldiariodesanpedro.com.ar\/sitio\/wp-json\/wp\/v2\/types\/post"}],"author":[{"embeddable":true,"href":"https:\/\/eldiariodesanpedro.com.ar\/sitio\/wp-json\/wp\/v2\/users\/4"}],"replies":[{"embeddable":true,"href":"https:\/\/eldiariodesanpedro.com.ar\/sitio\/wp-json\/wp\/v2\/comments?post=125180"}],"version-history":[{"count":1,"href":"https:\/\/eldiariodesanpedro.com.ar\/sitio\/wp-json\/wp\/v2\/posts\/125180\/revisions"}],"predecessor-version":[{"id":125182,"href":"https:\/\/eldiariodesanpedro.com.ar\/sitio\/wp-json\/wp\/v2\/posts\/125180\/revisions\/125182"}],"wp:featuredmedia":[{"embeddable":true,"href":"https:\/\/eldiariodesanpedro.com.ar\/sitio\/wp-json\/wp\/v2\/media\/125181"}],"wp:attachment":[{"href":"https:\/\/eldiariodesanpedro.com.ar\/sitio\/wp-json\/wp\/v2\/media?parent=125180"}],"wp:term":[{"taxonomy":"category","embeddable":true,"href":"https:\/\/eldiariodesanpedro.com.ar\/sitio\/wp-json\/wp\/v2\/categories?post=125180"},{"taxonomy":"post_tag","embeddable":true,"href":"https:\/\/eldiariodesanpedro.com.ar\/sitio\/wp-json\/wp\/v2\/tags?post=125180"}],"curies":[{"name":"wp","href":"https:\/\/api.w.org\/{rel}","templated":true}]}}