{"id":125153,"date":"2024-01-15T11:26:15","date_gmt":"2024-01-15T14:26:15","guid":{"rendered":"https:\/\/eldiariodesanpedro.com.ar\/sitio\/?p=125153"},"modified":"2024-01-15T11:26:18","modified_gmt":"2024-01-15T14:26:18","slug":"el-intendente-cecilio-salazar-recibio-al-ministro-de-desarrollo-agrario-javier-rodriguez","status":"publish","type":"post","link":"https:\/\/eldiariodesanpedro.com.ar\/sitio\/el-intendente-cecilio-salazar-recibio-al-ministro-de-desarrollo-agrario-javier-rodriguez\/","title":{"rendered":"El Intendente Cecilio Salazar recibi\u00f3 al Ministro de Desarrollo Agrario, Javier Rodr\u00edguez"},"content":{"rendered":"<!-- VideographyWP Plugin Message: Automatic video embedding prevented by plugin options. -->\n\n<p>Este s\u00e1bado, el Ministro de Desarrollo Agrario de la Provincia de Buenos Aires, Javier Rodr\u00edguez, arrib\u00f3 a nuestra ciudad en el marco de la Fiesta Provincial del Durazno y la Producci\u00f3n y fue recibido por el Intendente Cecilio Salazar en el despacho oficial.<\/p>\n\n\n\n<p>Durante su visita el Ministro recorri\u00f3 las instalaciones de la Cooperativa Sol Sampedrino, donde funciona una sala de extracci\u00f3n de miel de FECOAPI, y se reuni\u00f3, junto al Jefe de Gabinete, Alfredo Carrasco y el Secretario de Producci\u00f3n, Industria y Comercio, Ariel \u00c1lvarez con productores ap\u00edcolas.<\/p>\n\n\n\n<p>Posteriormente, visitaron el vivero El Nuevo Pampero Plantas y Frutas SRL, emprendimiento de la familia Ginart que trabaja con el Ministerio de Desarrollo Agrario donde se destac\u00f3 la importancia de la colaboraci\u00f3n p\u00fablico-privada en el impulso de la actividad agr\u00edcola.<\/p>\n\n\n\n<p>Finalmente, fue recibido por el Jefe Comuna en el Palacio Municipal donde mantuvieron una reuni\u00f3n antes de participar de la Fiesta del Durazno y la Producci\u00f3n de Gobernador Castro.<\/p>\n\n\n\n<figure class=\"wp-block-image size-large\"><img decoding=\"async\" width=\"1024\" height=\"589\" data-attachment-id=\"125156\" data-permalink=\"https:\/\/eldiariodesanpedro.com.ar\/sitio\/el-intendente-cecilio-salazar-recibio-al-ministro-de-desarrollo-agrario-javier-rodriguez\/imagen-de-whatsapp-2024-01-13-a-las-20-17-33_f5bd1ee2\/\" data-orig-file=\"https:\/\/eldiariodesanpedro.com.ar\/sitio\/wp-content\/uploads\/2024\/01\/Imagen-de-WhatsApp-2024-01-13-a-las-20.17.33_f5bd1ee2.jpg\" data-orig-size=\"1096,630\" data-comments-opened=\"0\" data-image-meta=\"{&quot;aperture&quot;:&quot;0&quot;,&quot;credit&quot;:&quot;&quot;,&quot;camera&quot;:&quot;&quot;,&quot;caption&quot;:&quot;&quot;,&quot;created_timestamp&quot;:&quot;0&quot;,&quot;copyright&quot;:&quot;&quot;,&quot;focal_length&quot;:&quot;0&quot;,&quot;iso&quot;:&quot;0&quot;,&quot;shutter_speed&quot;:&quot;0&quot;,&quot;title&quot;:&quot;&quot;,&quot;orientation&quot;:&quot;0&quot;}\" data-image-title=\"Imagen de WhatsApp 2024-01-13 a las 20.17.33_f5bd1ee2\" data-image-description=\"\" data-image-caption=\"\" data-large-file=\"https:\/\/eldiariodesanpedro.com.ar\/sitio\/wp-content\/uploads\/2024\/01\/Imagen-de-WhatsApp-2024-01-13-a-las-20.17.33_f5bd1ee2-1024x589.jpg\" data-src=\"https:\/\/eldiariodesanpedro.com.ar\/sitio\/wp-content\/uploads\/2024\/01\/Imagen-de-WhatsApp-2024-01-13-a-las-20.17.33_f5bd1ee2-1024x589.jpg\" alt=\"\" class=\"wp-image-125156 lazyload\" data-srcset=\"https:\/\/eldiariodesanpedro.com.ar\/sitio\/wp-content\/uploads\/2024\/01\/Imagen-de-WhatsApp-2024-01-13-a-las-20.17.33_f5bd1ee2-1024x589.jpg 1024w, https:\/\/eldiariodesanpedro.com.ar\/sitio\/wp-content\/uploads\/2024\/01\/Imagen-de-WhatsApp-2024-01-13-a-las-20.17.33_f5bd1ee2-300x172.jpg 300w, https:\/\/eldiariodesanpedro.com.ar\/sitio\/wp-content\/uploads\/2024\/01\/Imagen-de-WhatsApp-2024-01-13-a-las-20.17.33_f5bd1ee2-768x441.jpg 768w, https:\/\/eldiariodesanpedro.com.ar\/sitio\/wp-content\/uploads\/2024\/01\/Imagen-de-WhatsApp-2024-01-13-a-las-20.17.33_f5bd1ee2.jpg 1096w\" data-sizes=\"(max-width: 1024px) 100vw, 1024px\" src=\"data:image\/svg+xml;base64,PHN2ZyB3aWR0aD0iMSIgaGVpZ2h0PSIxIiB4bWxucz0iaHR0cDovL3d3dy53My5vcmcvMjAwMC9zdmciPjwvc3ZnPg==\" style=\"--smush-placeholder-width: 1024px; --smush-placeholder-aspect-ratio: 1024\/589;\" \/><\/figure>\n\n\n\n<p><\/p>\n\n\n\n<figure class=\"wp-block-image size-large\"><img decoding=\"async\" width=\"1024\" height=\"566\" data-attachment-id=\"125155\" data-permalink=\"https:\/\/eldiariodesanpedro.com.ar\/sitio\/el-intendente-cecilio-salazar-recibio-al-ministro-de-desarrollo-agrario-javier-rodriguez\/imagen-de-whatsapp-2024-01-13-a-las-20-17-32_b1531e1d\/\" data-orig-file=\"https:\/\/eldiariodesanpedro.com.ar\/sitio\/wp-content\/uploads\/2024\/01\/Imagen-de-WhatsApp-2024-01-13-a-las-20.17.32_b1531e1d.jpg\" data-orig-size=\"1139,630\" data-comments-opened=\"0\" data-image-meta=\"{&quot;aperture&quot;:&quot;0&quot;,&quot;credit&quot;:&quot;&quot;,&quot;camera&quot;:&quot;&quot;,&quot;caption&quot;:&quot;&quot;,&quot;created_timestamp&quot;:&quot;0&quot;,&quot;copyright&quot;:&quot;&quot;,&quot;focal_length&quot;:&quot;0&quot;,&quot;iso&quot;:&quot;0&quot;,&quot;shutter_speed&quot;:&quot;0&quot;,&quot;title&quot;:&quot;&quot;,&quot;orientation&quot;:&quot;0&quot;}\" data-image-title=\"Imagen de WhatsApp 2024-01-13 a las 20.17.32_b1531e1d\" data-image-description=\"\" data-image-caption=\"\" data-large-file=\"https:\/\/eldiariodesanpedro.com.ar\/sitio\/wp-content\/uploads\/2024\/01\/Imagen-de-WhatsApp-2024-01-13-a-las-20.17.32_b1531e1d-1024x566.jpg\" data-src=\"https:\/\/eldiariodesanpedro.com.ar\/sitio\/wp-content\/uploads\/2024\/01\/Imagen-de-WhatsApp-2024-01-13-a-las-20.17.32_b1531e1d-1024x566.jpg\" alt=\"\" class=\"wp-image-125155 lazyload\" data-srcset=\"https:\/\/eldiariodesanpedro.com.ar\/sitio\/wp-content\/uploads\/2024\/01\/Imagen-de-WhatsApp-2024-01-13-a-las-20.17.32_b1531e1d-1024x566.jpg 1024w, https:\/\/eldiariodesanpedro.com.ar\/sitio\/wp-content\/uploads\/2024\/01\/Imagen-de-WhatsApp-2024-01-13-a-las-20.17.32_b1531e1d-300x166.jpg 300w, https:\/\/eldiariodesanpedro.com.ar\/sitio\/wp-content\/uploads\/2024\/01\/Imagen-de-WhatsApp-2024-01-13-a-las-20.17.32_b1531e1d-768x425.jpg 768w, https:\/\/eldiariodesanpedro.com.ar\/sitio\/wp-content\/uploads\/2024\/01\/Imagen-de-WhatsApp-2024-01-13-a-las-20.17.32_b1531e1d.jpg 1139w\" data-sizes=\"(max-width: 1024px) 100vw, 1024px\" src=\"data:image\/svg+xml;base64,PHN2ZyB3aWR0aD0iMSIgaGVpZ2h0PSIxIiB4bWxucz0iaHR0cDovL3d3dy53My5vcmcvMjAwMC9zdmciPjwvc3ZnPg==\" style=\"--smush-placeholder-width: 1024px; --smush-placeholder-aspect-ratio: 1024\/566;\" \/><\/figure>\n","protected":false},"excerpt":{"rendered":"<p>Este s\u00e1bado, el Ministro de Desarrollo Agrario de la Provincia de Buenos Aires, Javier Rodr\u00edguez, arrib\u00f3 a nuestra ciudad en el marco de la Fiesta Provincial del Durazno y la Producci\u00f3n y fue recibido por el Intendente Cecilio Salazar en el despacho oficial. Durante su visita el Ministro recorri\u00f3 las instalaciones de la Cooperativa Sol [&hellip;]<\/p>\n","protected":false},"author":4,"featured_media":125158,"comment_status":"closed","ping_status":"closed","sticky":false,"template":"","format":"standard","meta":{"om_disable_all_campaigns":false,"_jetpack_memberships_contains_paid_content":false,"footnotes":""},"categories":[50,101,2],"tags":[197,696,33,19],"class_list":["post-125153","post","type-post","status-publish","format-standard","has-post-thumbnail","hentry","category-destacadas","category-interes-general-locales","category-locales","tag-buenos-aires","tag-interes-general","tag-locales","tag-san-pedro"],"aioseo_notices":[],"gutentor_comment":0,"jetpack_featured_media_url":"https:\/\/eldiariodesanpedro.com.ar\/sitio\/wp-content\/uploads\/2024\/01\/Imagen-de-WhatsApp-2024-01-13-a-las-20.17.35_876087bf.jpg","jetpack_shortlink":"https:\/\/wp.me\/p6RhLt-wyB","jetpack_sharing_enabled":true,"_links":{"self":[{"href":"https:\/\/eldiariodesanpedro.com.ar\/sitio\/wp-json\/wp\/v2\/posts\/125153","targetHints":{"allow":["GET"]}}],"collection":[{"href":"https:\/\/eldiariodesanpedro.com.ar\/sitio\/wp-json\/wp\/v2\/posts"}],"about":[{"href":"https:\/\/eldiariodesanpedro.com.ar\/sitio\/wp-json\/wp\/v2\/types\/post"}],"author":[{"embeddable":true,"href":"https:\/\/eldiariodesanpedro.com.ar\/sitio\/wp-json\/wp\/v2\/users\/4"}],"replies":[{"embeddable":true,"href":"https:\/\/eldiariodesanpedro.com.ar\/sitio\/wp-json\/wp\/v2\/comments?post=125153"}],"version-history":[{"count":1,"href":"https:\/\/eldiariodesanpedro.com.ar\/sitio\/wp-json\/wp\/v2\/posts\/125153\/revisions"}],"predecessor-version":[{"id":125160,"href":"https:\/\/eldiariodesanpedro.com.ar\/sitio\/wp-json\/wp\/v2\/posts\/125153\/revisions\/125160"}],"wp:featuredmedia":[{"embeddable":true,"href":"https:\/\/eldiariodesanpedro.com.ar\/sitio\/wp-json\/wp\/v2\/media\/125158"}],"wp:attachment":[{"href":"https:\/\/eldiariodesanpedro.com.ar\/sitio\/wp-json\/wp\/v2\/media?parent=125153"}],"wp:term":[{"taxonomy":"category","embeddable":true,"href":"https:\/\/eldiariodesanpedro.com.ar\/sitio\/wp-json\/wp\/v2\/categories?post=125153"},{"taxonomy":"post_tag","embeddable":true,"href":"https:\/\/eldiariodesanpedro.com.ar\/sitio\/wp-json\/wp\/v2\/tags?post=125153"}],"curies":[{"name":"wp","href":"https:\/\/api.w.org\/{rel}","templated":true}]}}