{"id":125150,"date":"2024-01-15T11:18:08","date_gmt":"2024-01-15T14:18:08","guid":{"rendered":"https:\/\/eldiariodesanpedro.com.ar\/sitio\/?p=125150"},"modified":"2024-01-15T11:18:11","modified_gmt":"2024-01-15T14:18:11","slug":"se-desarrollaron-operativos-por-la-creciente-en-zona-de-islas","status":"publish","type":"post","link":"https:\/\/eldiariodesanpedro.com.ar\/sitio\/se-desarrollaron-operativos-por-la-creciente-en-zona-de-islas\/","title":{"rendered":"Se desarrollaron operativos por la creciente en zona de islas"},"content":{"rendered":"<!-- VideographyWP Plugin Message: Automatic video embedding prevented by plugin options. -->\n\n<p>La Municipalidad de San Pedro informa que durante la semana pasada la Secretar\u00eda de Desarrollo de la Comunidad y la Direcci\u00f3n Municipal de Defensa Civil, por directivas del Intendente Cecilio Salazar, llevaron a cabo un trabajo conjunto en el marco de la atenci\u00f3n a situaciones de emergencia por la creciente del R\u00edo Paran\u00e1.<\/p>\n\n\n\n<p>En esta oportunidad se brind\u00f3 acompa\u00f1amiento a la Sra. Romina Villaruel y sus tres hijos menores, quienes el pasado 19 de diciembre, como medida preventiva ante la creciente, fueron evacuados de su residencia ubicada frente a la balsa vieja, sobre el riacho Baradero y alojados en el Tiro Federal durante este per\u00edodo.<\/p>\n","protected":false},"excerpt":{"rendered":"<p>La Municipalidad de San Pedro informa que durante la semana pasada la Secretar\u00eda de Desarrollo de la Comunidad y la Direcci\u00f3n Municipal de Defensa Civil, por directivas del Intendente Cecilio Salazar, llevaron a cabo un trabajo conjunto en el marco de la atenci\u00f3n a situaciones de emergencia por la creciente del R\u00edo Paran\u00e1. En esta [&hellip;]<\/p>\n","protected":false},"author":4,"featured_media":125151,"comment_status":"closed","ping_status":"closed","sticky":false,"template":"","format":"standard","meta":{"om_disable_all_campaigns":false,"_jetpack_memberships_contains_paid_content":false,"footnotes":""},"categories":[101,2],"tags":[197,696,33,19],"class_list":["post-125150","post","type-post","status-publish","format-standard","has-post-thumbnail","hentry","category-interes-general-locales","category-locales","tag-buenos-aires","tag-interes-general","tag-locales","tag-san-pedro"],"aioseo_notices":[],"gutentor_comment":0,"jetpack_featured_media_url":"https:\/\/eldiariodesanpedro.com.ar\/sitio\/wp-content\/uploads\/2024\/01\/medida-6-9.jpg","jetpack_shortlink":"https:\/\/wp.me\/p6RhLt-wyy","jetpack_sharing_enabled":true,"_links":{"self":[{"href":"https:\/\/eldiariodesanpedro.com.ar\/sitio\/wp-json\/wp\/v2\/posts\/125150","targetHints":{"allow":["GET"]}}],"collection":[{"href":"https:\/\/eldiariodesanpedro.com.ar\/sitio\/wp-json\/wp\/v2\/posts"}],"about":[{"href":"https:\/\/eldiariodesanpedro.com.ar\/sitio\/wp-json\/wp\/v2\/types\/post"}],"author":[{"embeddable":true,"href":"https:\/\/eldiariodesanpedro.com.ar\/sitio\/wp-json\/wp\/v2\/users\/4"}],"replies":[{"embeddable":true,"href":"https:\/\/eldiariodesanpedro.com.ar\/sitio\/wp-json\/wp\/v2\/comments?post=125150"}],"version-history":[{"count":1,"href":"https:\/\/eldiariodesanpedro.com.ar\/sitio\/wp-json\/wp\/v2\/posts\/125150\/revisions"}],"predecessor-version":[{"id":125152,"href":"https:\/\/eldiariodesanpedro.com.ar\/sitio\/wp-json\/wp\/v2\/posts\/125150\/revisions\/125152"}],"wp:featuredmedia":[{"embeddable":true,"href":"https:\/\/eldiariodesanpedro.com.ar\/sitio\/wp-json\/wp\/v2\/media\/125151"}],"wp:attachment":[{"href":"https:\/\/eldiariodesanpedro.com.ar\/sitio\/wp-json\/wp\/v2\/media?parent=125150"}],"wp:term":[{"taxonomy":"category","embeddable":true,"href":"https:\/\/eldiariodesanpedro.com.ar\/sitio\/wp-json\/wp\/v2\/categories?post=125150"},{"taxonomy":"post_tag","embeddable":true,"href":"https:\/\/eldiariodesanpedro.com.ar\/sitio\/wp-json\/wp\/v2\/tags?post=125150"}],"curies":[{"name":"wp","href":"https:\/\/api.w.org\/{rel}","templated":true}]}}