{"id":125137,"date":"2024-01-11T15:11:00","date_gmt":"2024-01-11T18:11:00","guid":{"rendered":"https:\/\/eldiariodesanpedro.com.ar\/sitio\/?p=125137"},"modified":"2024-01-11T15:11:02","modified_gmt":"2024-01-11T18:11:02","slug":"golpeo-a-su-padre-frente-a-la-policia-y-fue-detenido","status":"publish","type":"post","link":"https:\/\/eldiariodesanpedro.com.ar\/sitio\/golpeo-a-su-padre-frente-a-la-policia-y-fue-detenido\/","title":{"rendered":"Golpe\u00f3 a su padre frente a la polic\u00eda y fue detenido"},"content":{"rendered":"<!-- VideographyWP Plugin Message: Automatic video embedding prevented by plugin options. -->\n\n<p>Un hombre que protagoniz\u00f3 un grave episodio de violencia intrafamiliar fue detenido por la polic\u00eda.&nbsp;<\/p>\n\n\n\n<p>Un llamado al servicio de emergencias 911 alert\u00f3 sobre el incidente, ocurrido en Manuel Iglesias al 2100.&nbsp;<a><\/a><\/p>\n\n\n\n<p>En presencia de los efectivos que tomaron intervenci\u00f3n en el hecho, el agresor golpe\u00f3 a su propio padre.&nbsp;<\/p>\n\n\n\n<p>Tras ser reducido, fue trasladado a la Comisar\u00eda local, en donde permanece alojado, imputado en el marco de una causa caratulada como \u00abLesiones leves\u00bb.&nbsp;<\/p>\n","protected":false},"excerpt":{"rendered":"<p>Un hombre que protagoniz\u00f3 un grave episodio de violencia intrafamiliar fue detenido por la polic\u00eda.&nbsp; Un llamado al servicio de emergencias 911 alert\u00f3 sobre el incidente, ocurrido en Manuel Iglesias al 2100.&nbsp; En presencia de los efectivos que tomaron intervenci\u00f3n en el hecho, el agresor golpe\u00f3 a su propio padre.&nbsp; Tras ser reducido, fue trasladado [&hellip;]<\/p>\n","protected":false},"author":4,"featured_media":125138,"comment_status":"closed","ping_status":"closed","sticky":false,"template":"","format":"standard","meta":{"om_disable_all_campaigns":false,"_jetpack_memberships_contains_paid_content":false,"footnotes":""},"categories":[50,2,103],"tags":[197,696,33,19],"class_list":["post-125137","post","type-post","status-publish","format-standard","has-post-thumbnail","hentry","category-destacadas","category-locales","category-policiales-locales","tag-buenos-aires","tag-interes-general","tag-locales","tag-san-pedro"],"aioseo_notices":[],"gutentor_comment":0,"jetpack_featured_media_url":"https:\/\/eldiariodesanpedro.com.ar\/sitio\/wp-content\/uploads\/2024\/01\/golpelo-al-padre-.jpg","jetpack_shortlink":"https:\/\/wp.me\/p6RhLt-wyl","jetpack_sharing_enabled":true,"_links":{"self":[{"href":"https:\/\/eldiariodesanpedro.com.ar\/sitio\/wp-json\/wp\/v2\/posts\/125137","targetHints":{"allow":["GET"]}}],"collection":[{"href":"https:\/\/eldiariodesanpedro.com.ar\/sitio\/wp-json\/wp\/v2\/posts"}],"about":[{"href":"https:\/\/eldiariodesanpedro.com.ar\/sitio\/wp-json\/wp\/v2\/types\/post"}],"author":[{"embeddable":true,"href":"https:\/\/eldiariodesanpedro.com.ar\/sitio\/wp-json\/wp\/v2\/users\/4"}],"replies":[{"embeddable":true,"href":"https:\/\/eldiariodesanpedro.com.ar\/sitio\/wp-json\/wp\/v2\/comments?post=125137"}],"version-history":[{"count":1,"href":"https:\/\/eldiariodesanpedro.com.ar\/sitio\/wp-json\/wp\/v2\/posts\/125137\/revisions"}],"predecessor-version":[{"id":125139,"href":"https:\/\/eldiariodesanpedro.com.ar\/sitio\/wp-json\/wp\/v2\/posts\/125137\/revisions\/125139"}],"wp:featuredmedia":[{"embeddable":true,"href":"https:\/\/eldiariodesanpedro.com.ar\/sitio\/wp-json\/wp\/v2\/media\/125138"}],"wp:attachment":[{"href":"https:\/\/eldiariodesanpedro.com.ar\/sitio\/wp-json\/wp\/v2\/media?parent=125137"}],"wp:term":[{"taxonomy":"category","embeddable":true,"href":"https:\/\/eldiariodesanpedro.com.ar\/sitio\/wp-json\/wp\/v2\/categories?post=125137"},{"taxonomy":"post_tag","embeddable":true,"href":"https:\/\/eldiariodesanpedro.com.ar\/sitio\/wp-json\/wp\/v2\/tags?post=125137"}],"curies":[{"name":"wp","href":"https:\/\/api.w.org\/{rel}","templated":true}]}}