{"id":125134,"date":"2024-01-11T14:58:25","date_gmt":"2024-01-11T17:58:25","guid":{"rendered":"https:\/\/eldiariodesanpedro.com.ar\/sitio\/?p=125134"},"modified":"2024-01-11T14:58:28","modified_gmt":"2024-01-11T17:58:28","slug":"camionero-detenido-por-amenazar-con-un-martillo-a-empleados-de-una-estacion-de-servicio","status":"publish","type":"post","link":"https:\/\/eldiariodesanpedro.com.ar\/sitio\/camionero-detenido-por-amenazar-con-un-martillo-a-empleados-de-una-estacion-de-servicio\/","title":{"rendered":"Camionero detenido por amenazar con un martillo a empleados de una estaci\u00f3n de servicio"},"content":{"rendered":"<!-- VideographyWP Plugin Message: Automatic video embedding prevented by plugin options. -->\n\n<p>Un grave episodio de violencia que tuvo lugar en una estaci\u00f3n de servicio oblig\u00f3 a la intervenci\u00f3n de la polic\u00eda.&nbsp;<\/p>\n\n\n\n<p>El incidente se registr\u00f3 este mi\u00e9rcoles en ruta 9 y 191, cuando el chofer de un cami\u00f3n Iveco que transportaba hipoclorito de sodio amenaz\u00f3 con un martillo al personal de la estaci\u00f3n.&nbsp;<\/p>\n\n\n\n<p>Al tomar intervenci\u00f3n la polic\u00eda, se abalanz\u00f3 sobre los efectivos intentando agredirlos, aunque no logr\u00f3 su objetivo. Tras ser controlado y detenido, el atacante fue trasladado a la Comisar\u00eda local, en donde fue notificado de la formaci\u00f3n de una causa judicial por amenazas y resistencia a la autoridad.&nbsp;<\/p>\n","protected":false},"excerpt":{"rendered":"<p>Un grave episodio de violencia que tuvo lugar en una estaci\u00f3n de servicio oblig\u00f3 a la intervenci\u00f3n de la polic\u00eda.&nbsp; El incidente se registr\u00f3 este mi\u00e9rcoles en ruta 9 y 191, cuando el chofer de un cami\u00f3n Iveco que transportaba hipoclorito de sodio amenaz\u00f3 con un martillo al personal de la estaci\u00f3n.&nbsp; Al tomar intervenci\u00f3n [&hellip;]<\/p>\n","protected":false},"author":4,"featured_media":125135,"comment_status":"closed","ping_status":"closed","sticky":false,"template":"","format":"standard","meta":{"om_disable_all_campaigns":false,"_jetpack_memberships_contains_paid_content":false,"footnotes":""},"categories":[2,103],"tags":[197,696,33,19],"class_list":["post-125134","post","type-post","status-publish","format-standard","has-post-thumbnail","hentry","category-locales","category-policiales-locales","tag-buenos-aires","tag-interes-general","tag-locales","tag-san-pedro"],"aioseo_notices":[],"gutentor_comment":0,"jetpack_featured_media_url":"https:\/\/eldiariodesanpedro.com.ar\/sitio\/wp-content\/uploads\/2024\/01\/Ataque-estacion-de-servicio.jpg","jetpack_shortlink":"https:\/\/wp.me\/p6RhLt-wyi","jetpack_sharing_enabled":true,"_links":{"self":[{"href":"https:\/\/eldiariodesanpedro.com.ar\/sitio\/wp-json\/wp\/v2\/posts\/125134","targetHints":{"allow":["GET"]}}],"collection":[{"href":"https:\/\/eldiariodesanpedro.com.ar\/sitio\/wp-json\/wp\/v2\/posts"}],"about":[{"href":"https:\/\/eldiariodesanpedro.com.ar\/sitio\/wp-json\/wp\/v2\/types\/post"}],"author":[{"embeddable":true,"href":"https:\/\/eldiariodesanpedro.com.ar\/sitio\/wp-json\/wp\/v2\/users\/4"}],"replies":[{"embeddable":true,"href":"https:\/\/eldiariodesanpedro.com.ar\/sitio\/wp-json\/wp\/v2\/comments?post=125134"}],"version-history":[{"count":1,"href":"https:\/\/eldiariodesanpedro.com.ar\/sitio\/wp-json\/wp\/v2\/posts\/125134\/revisions"}],"predecessor-version":[{"id":125136,"href":"https:\/\/eldiariodesanpedro.com.ar\/sitio\/wp-json\/wp\/v2\/posts\/125134\/revisions\/125136"}],"wp:featuredmedia":[{"embeddable":true,"href":"https:\/\/eldiariodesanpedro.com.ar\/sitio\/wp-json\/wp\/v2\/media\/125135"}],"wp:attachment":[{"href":"https:\/\/eldiariodesanpedro.com.ar\/sitio\/wp-json\/wp\/v2\/media?parent=125134"}],"wp:term":[{"taxonomy":"category","embeddable":true,"href":"https:\/\/eldiariodesanpedro.com.ar\/sitio\/wp-json\/wp\/v2\/categories?post=125134"},{"taxonomy":"post_tag","embeddable":true,"href":"https:\/\/eldiariodesanpedro.com.ar\/sitio\/wp-json\/wp\/v2\/tags?post=125134"}],"curies":[{"name":"wp","href":"https:\/\/api.w.org\/{rel}","templated":true}]}}