{"id":125131,"date":"2024-01-11T14:46:38","date_gmt":"2024-01-11T17:46:38","guid":{"rendered":"https:\/\/eldiariodesanpedro.com.ar\/sitio\/?p=125131"},"modified":"2024-01-11T14:46:40","modified_gmt":"2024-01-11T17:46:40","slug":"choque-entre-dos-motos-uno-de-los-conductores-fue-hospitalizado","status":"publish","type":"post","link":"https:\/\/eldiariodesanpedro.com.ar\/sitio\/choque-entre-dos-motos-uno-de-los-conductores-fue-hospitalizado\/","title":{"rendered":"Choque entre dos motos: uno de los conductores fue hospitalizado"},"content":{"rendered":"<!-- VideographyWP Plugin Message: Automatic video embedding prevented by plugin options. -->\n\n<p>Un nuevo accidente de tr\u00e1nsito se registr\u00f3 este mi\u00e9rcoles en las calles de la ciudad de San Pedro.&nbsp;<\/p>\n\n\n\n<p>Dos motociclistas chocaron entre s\u00ed en la intersecci\u00f3n de las calles Ansaloni y Alvarado.&nbsp;<a><\/a><\/p>\n\n\n\n<p>Se trata de una Honda de 150 cc y una Benelli 300. Como consecuencia del impacto, uno de los conductores fue trasladado por una ambulancia del SAME a la guardia del Hospital Subzonal \u00abDr. Emilio Ruffa\u00bb.&nbsp;<\/p>\n\n\n\n<p>La Fiscal\u00eda en turno instruye actuaciones caratuladas como \u00abLesiones culposas\u00bb.&nbsp;<\/p>\n","protected":false},"excerpt":{"rendered":"<p>Un nuevo accidente de tr\u00e1nsito se registr\u00f3 este mi\u00e9rcoles en las calles de la ciudad de San Pedro.&nbsp; Dos motociclistas chocaron entre s\u00ed en la intersecci\u00f3n de las calles Ansaloni y Alvarado.&nbsp; Se trata de una Honda de 150 cc y una Benelli 300. Como consecuencia del impacto, uno de los conductores fue trasladado por [&hellip;]<\/p>\n","protected":false},"author":4,"featured_media":125132,"comment_status":"closed","ping_status":"closed","sticky":false,"template":"","format":"standard","meta":{"om_disable_all_campaigns":false,"_jetpack_memberships_contains_paid_content":false,"footnotes":""},"categories":[2,103],"tags":[197,33,19],"class_list":["post-125131","post","type-post","status-publish","format-standard","has-post-thumbnail","hentry","category-locales","category-policiales-locales","tag-buenos-aires","tag-locales","tag-san-pedro"],"aioseo_notices":[],"gutentor_comment":0,"jetpack_featured_media_url":"https:\/\/eldiariodesanpedro.com.ar\/sitio\/wp-content\/uploads\/2024\/01\/image-1.jpg","jetpack_shortlink":"https:\/\/wp.me\/p6RhLt-wyf","jetpack_sharing_enabled":true,"_links":{"self":[{"href":"https:\/\/eldiariodesanpedro.com.ar\/sitio\/wp-json\/wp\/v2\/posts\/125131","targetHints":{"allow":["GET"]}}],"collection":[{"href":"https:\/\/eldiariodesanpedro.com.ar\/sitio\/wp-json\/wp\/v2\/posts"}],"about":[{"href":"https:\/\/eldiariodesanpedro.com.ar\/sitio\/wp-json\/wp\/v2\/types\/post"}],"author":[{"embeddable":true,"href":"https:\/\/eldiariodesanpedro.com.ar\/sitio\/wp-json\/wp\/v2\/users\/4"}],"replies":[{"embeddable":true,"href":"https:\/\/eldiariodesanpedro.com.ar\/sitio\/wp-json\/wp\/v2\/comments?post=125131"}],"version-history":[{"count":1,"href":"https:\/\/eldiariodesanpedro.com.ar\/sitio\/wp-json\/wp\/v2\/posts\/125131\/revisions"}],"predecessor-version":[{"id":125133,"href":"https:\/\/eldiariodesanpedro.com.ar\/sitio\/wp-json\/wp\/v2\/posts\/125131\/revisions\/125133"}],"wp:featuredmedia":[{"embeddable":true,"href":"https:\/\/eldiariodesanpedro.com.ar\/sitio\/wp-json\/wp\/v2\/media\/125132"}],"wp:attachment":[{"href":"https:\/\/eldiariodesanpedro.com.ar\/sitio\/wp-json\/wp\/v2\/media?parent=125131"}],"wp:term":[{"taxonomy":"category","embeddable":true,"href":"https:\/\/eldiariodesanpedro.com.ar\/sitio\/wp-json\/wp\/v2\/categories?post=125131"},{"taxonomy":"post_tag","embeddable":true,"href":"https:\/\/eldiariodesanpedro.com.ar\/sitio\/wp-json\/wp\/v2\/tags?post=125131"}],"curies":[{"name":"wp","href":"https:\/\/api.w.org\/{rel}","templated":true}]}}