{"id":125128,"date":"2024-01-11T14:35:23","date_gmt":"2024-01-11T17:35:23","guid":{"rendered":"https:\/\/eldiariodesanpedro.com.ar\/sitio\/?p=125128"},"modified":"2024-01-11T14:35:27","modified_gmt":"2024-01-11T17:35:27","slug":"dos-personas-aprehendidas-por-el-robo-de-cables","status":"publish","type":"post","link":"https:\/\/eldiariodesanpedro.com.ar\/sitio\/dos-personas-aprehendidas-por-el-robo-de-cables\/","title":{"rendered":"Dos personas aprehendidas por el robo de cables"},"content":{"rendered":"<!-- VideographyWP Plugin Message: Automatic video embedding prevented by plugin options. -->\n\n<p>Un operativo policial en calle Goycochea, entre Salta y Rivadavia, permiti\u00f3 la detenci\u00f3n de dos personas que hab\u00edan protagonizado un hecho de robo y vandalismo.&nbsp;<\/p>\n\n\n\n<p>Los aprehendidos ten\u00edan en su poder dos bolsas que conten\u00edan 25 kilogramos de cable forrado, una pinza y un cuchillo.&nbsp;<\/p>\n\n\n\n<p>El cable fue sustra\u00eddo Barrio Sarmiento, y estaba instalado en postes de alumbrado pertenecientes a la Municipalidad de San Pedro.&nbsp;<\/p>\n","protected":false},"excerpt":{"rendered":"<p>Un operativo policial en calle Goycochea, entre Salta y Rivadavia, permiti\u00f3 la detenci\u00f3n de dos personas que hab\u00edan protagonizado un hecho de robo y vandalismo.&nbsp; Los aprehendidos ten\u00edan en su poder dos bolsas que conten\u00edan 25 kilogramos de cable forrado, una pinza y un cuchillo.&nbsp; El cable fue sustra\u00eddo Barrio Sarmiento, y estaba instalado en [&hellip;]<\/p>\n","protected":false},"author":4,"featured_media":125129,"comment_status":"closed","ping_status":"closed","sticky":false,"template":"","format":"standard","meta":{"om_disable_all_campaigns":false,"_jetpack_memberships_contains_paid_content":false,"footnotes":""},"categories":[2,103],"tags":[197,33,95,19],"class_list":["post-125128","post","type-post","status-publish","format-standard","has-post-thumbnail","hentry","category-locales","category-policiales-locales","tag-buenos-aires","tag-locales","tag-policiales","tag-san-pedro"],"aioseo_notices":[],"gutentor_comment":0,"jetpack_featured_media_url":"https:\/\/eldiariodesanpedro.com.ar\/sitio\/wp-content\/uploads\/2024\/01\/Cables-robados-.jpg","jetpack_shortlink":"https:\/\/wp.me\/p6RhLt-wyc","jetpack_sharing_enabled":true,"_links":{"self":[{"href":"https:\/\/eldiariodesanpedro.com.ar\/sitio\/wp-json\/wp\/v2\/posts\/125128","targetHints":{"allow":["GET"]}}],"collection":[{"href":"https:\/\/eldiariodesanpedro.com.ar\/sitio\/wp-json\/wp\/v2\/posts"}],"about":[{"href":"https:\/\/eldiariodesanpedro.com.ar\/sitio\/wp-json\/wp\/v2\/types\/post"}],"author":[{"embeddable":true,"href":"https:\/\/eldiariodesanpedro.com.ar\/sitio\/wp-json\/wp\/v2\/users\/4"}],"replies":[{"embeddable":true,"href":"https:\/\/eldiariodesanpedro.com.ar\/sitio\/wp-json\/wp\/v2\/comments?post=125128"}],"version-history":[{"count":1,"href":"https:\/\/eldiariodesanpedro.com.ar\/sitio\/wp-json\/wp\/v2\/posts\/125128\/revisions"}],"predecessor-version":[{"id":125130,"href":"https:\/\/eldiariodesanpedro.com.ar\/sitio\/wp-json\/wp\/v2\/posts\/125128\/revisions\/125130"}],"wp:featuredmedia":[{"embeddable":true,"href":"https:\/\/eldiariodesanpedro.com.ar\/sitio\/wp-json\/wp\/v2\/media\/125129"}],"wp:attachment":[{"href":"https:\/\/eldiariodesanpedro.com.ar\/sitio\/wp-json\/wp\/v2\/media?parent=125128"}],"wp:term":[{"taxonomy":"category","embeddable":true,"href":"https:\/\/eldiariodesanpedro.com.ar\/sitio\/wp-json\/wp\/v2\/categories?post=125128"},{"taxonomy":"post_tag","embeddable":true,"href":"https:\/\/eldiariodesanpedro.com.ar\/sitio\/wp-json\/wp\/v2\/tags?post=125128"}],"curies":[{"name":"wp","href":"https:\/\/api.w.org\/{rel}","templated":true}]}}